{"id":434,"date":"2023-05-05T09:43:02","date_gmt":"2023-05-05T09:43:02","guid":{"rendered":"https:\/\/www.kchw.fr\/?p=434"},"modified":"2023-06-13T13:55:36","modified_gmt":"2023-06-13T13:55:36","slug":"stage-entre-alsaciens-et-belges","status":"publish","type":"post","link":"https:\/\/www.kchw.fr\/?p=434","title":{"rendered":"Stage entre Alsaciens et Belges"},"content":{"rendered":"\t\t<div data-elementor-type=\"wp-post\" data-elementor-id=\"434\" class=\"elementor elementor-434\">\n\t\t\t\t\t\t\t\t\t<section class=\"elementor-section elementor-top-section elementor-element elementor-element-567980a elementor-section-boxed elementor-section-height-default elementor-section-height-default\" data-id=\"567980a\" data-element_type=\"section\">\n\t\t\t\t\t\t<div class=\"elementor-container elementor-column-gap-default\">\n\t\t\t\t\t<div class=\"elementor-column elementor-col-100 elementor-top-column elementor-element elementor-element-cab8755\" data-id=\"cab8755\" data-element_type=\"column\">\n\t\t\t<div class=\"elementor-widget-wrap elementor-element-populated\">\n\t\t\t\t\t\t\t\t<div class=\"elementor-element elementor-element-9e46d00 elementor-widget elementor-widget-heading\" data-id=\"9e46d00\" data-element_type=\"widget\" data-widget_type=\"heading.default\">\n\t\t\t\t<div class=\"elementor-widget-container\">\n\t\t\t<style>\/*! elementor - v3.13.2 - 11-05-2023 *\/\n.elementor-heading-title{padding:0;margin:0;line-height:1}.elementor-widget-heading .elementor-heading-title[class*=elementor-size-]>a{color:inherit;font-size:inherit;line-height:inherit}.elementor-widget-heading .elementor-heading-title.elementor-size-small{font-size:15px}.elementor-widget-heading .elementor-heading-title.elementor-size-medium{font-size:19px}.elementor-widget-heading .elementor-heading-title.elementor-size-large{font-size:29px}.elementor-widget-heading .elementor-heading-title.elementor-size-xl{font-size:39px}.elementor-widget-heading .elementor-heading-title.elementor-size-xxl{font-size:59px}<\/style><h2 class=\"elementor-heading-title elementor-size-default\">Stage entre Alsaciens et Belges<\/h2>\t\t<\/div>\n\t\t\t\t<\/div>\n\t\t\t\t<div class=\"elementor-element elementor-element-bb323dd elementor-widget elementor-widget-text-editor\" data-id=\"bb323dd\" data-element_type=\"widget\" data-widget_type=\"text-editor.default\">\n\t\t\t\t<div class=\"elementor-widget-container\">\n\t\t\t<style>\/*! elementor - v3.13.2 - 11-05-2023 *\/\n.elementor-widget-text-editor.elementor-drop-cap-view-stacked .elementor-drop-cap{background-color:#69727d;color:#fff}.elementor-widget-text-editor.elementor-drop-cap-view-framed .elementor-drop-cap{color:#69727d;border:3px solid;background-color:transparent}.elementor-widget-text-editor:not(.elementor-drop-cap-view-default) .elementor-drop-cap{margin-top:8px}.elementor-widget-text-editor:not(.elementor-drop-cap-view-default) .elementor-drop-cap-letter{width:1em;height:1em}.elementor-widget-text-editor .elementor-drop-cap{float:left;text-align:center;line-height:1;font-size:50px}.elementor-widget-text-editor .elementor-drop-cap-letter{display:inline-block}<\/style>\t\t\t\t<p>En novembre, une rencontre entre les pratiquants Alsaciens et les pratiquants du club d&rsquo;Ariane Pindeville en Belgique \u00e0 eu lieu au KCHW. Un moment d&rsquo;\u00e9change et de d\u00e9couverte entre les pratiquants!<\/p>\t\t\t\t\t\t<\/div>\n\t\t\t\t<\/div>\n\t\t\t\t\t<\/div>\n\t\t<\/div>\n\t\t\t\t\t\t\t<\/div>\n\t\t<\/section>\n\t\t\t\t<section class=\"elementor-section elementor-top-section elementor-element elementor-element-48ecb5a elementor-section-boxed elementor-section-height-default elementor-section-height-default\" data-id=\"48ecb5a\" data-element_type=\"section\" data-settings=\"{&quot;background_background&quot;:&quot;classic&quot;}\">\n\t\t\t\t\t\t\t<div class=\"elementor-background-overlay\"><\/div>\n\t\t\t\t\t\t\t<div class=\"elementor-container elementor-column-gap-default\">\n\t\t\t\t\t<div class=\"elementor-column elementor-col-100 elementor-top-column elementor-element elementor-element-275eba9\" data-id=\"275eba9\" data-element_type=\"column\">\n\t\t\t<div class=\"elementor-widget-wrap elementor-element-populated\">\n\t\t\t\t\t\t\t\t<div class=\"elementor-element elementor-element-e86eab0 elementor-pagination-position-inside elementor-arrows-position-inside elementor-widget elementor-widget-image-carousel\" data-id=\"e86eab0\" data-element_type=\"widget\" data-settings=\"{&quot;slides_to_show&quot;:&quot;3&quot;,&quot;slides_to_scroll&quot;:&quot;1&quot;,&quot;navigation&quot;:&quot;both&quot;,&quot;autoplay&quot;:&quot;yes&quot;,&quot;pause_on_hover&quot;:&quot;yes&quot;,&quot;pause_on_interaction&quot;:&quot;yes&quot;,&quot;autoplay_speed&quot;:5000,&quot;infinite&quot;:&quot;yes&quot;,&quot;speed&quot;:500,&quot;image_spacing_custom&quot;:{&quot;unit&quot;:&quot;px&quot;,&quot;size&quot;:20,&quot;sizes&quot;:[]},&quot;image_spacing_custom_tablet&quot;:{&quot;unit&quot;:&quot;px&quot;,&quot;size&quot;:&quot;&quot;,&quot;sizes&quot;:[]},&quot;image_spacing_custom_mobile&quot;:{&quot;unit&quot;:&quot;px&quot;,&quot;size&quot;:&quot;&quot;,&quot;sizes&quot;:[]}}\" data-widget_type=\"image-carousel.default\">\n\t\t\t\t<div class=\"elementor-widget-container\">\n\t\t\t<style>\/*! elementor - v3.13.2 - 11-05-2023 *\/\n.elementor-widget-image-carousel .swiper,.elementor-widget-image-carousel .swiper-container{position:static}.elementor-widget-image-carousel .swiper-container .swiper-slide figure,.elementor-widget-image-carousel .swiper .swiper-slide figure{line-height:inherit}.elementor-widget-image-carousel .swiper-slide{text-align:center}.elementor-image-carousel-wrapper:not(.swiper-container-initialized):not(.swiper-initialized) .swiper-slide{max-width:calc(100% \/ var(--e-image-carousel-slides-to-show, 3))}<\/style>\t\t<div class=\"elementor-image-carousel-wrapper swiper\" dir=\"ltr\">\n\t\t\t<div class=\"elementor-image-carousel swiper-wrapper\">\n\t\t\t\t\t\t\t\t<div class=\"swiper-slide\"><a data-elementor-open-lightbox=\"yes\" data-elementor-lightbox-slideshow=\"e86eab0\" data-elementor-lightbox-title=\"Stage belges 2\" data-e-action-hash=\"#elementor-action%3Aaction%3Dlightbox%26settings%3DeyJpZCI6NjY3LCJ1cmwiOiJodHRwczpcL1wvd3d3LmtjaHcuZnJcL3dwLWNvbnRlbnRcL3VwbG9hZHNcLzIwMjNcLzA1XC9TdGFnZS1iZWxnZXMtMi0xLmpwZyIsInNsaWRlc2hvdyI6ImU4NmVhYjAifQ%3D%3D\" href=\"https:\/\/www.kchw.fr\/wp-content\/uploads\/2023\/05\/Stage-belges-2-1.jpg\"><figure class=\"swiper-slide-inner\"><img decoding=\"async\" class=\"swiper-slide-image\" src=\"https:\/\/www.kchw.fr\/wp-content\/uploads\/elementor\/thumbs\/Stage-belges-2-1-q67mj2ulhqxe20bokm8yema1opctbypmcvmg4l75o0.jpg\" alt=\"Stage belges 2\" \/><\/figure><\/a><\/div><div class=\"swiper-slide\"><a data-elementor-open-lightbox=\"yes\" data-elementor-lightbox-slideshow=\"e86eab0\" data-elementor-lightbox-title=\"Stage belges 4\" data-e-action-hash=\"#elementor-action%3Aaction%3Dlightbox%26settings%3DeyJpZCI6NjY4LCJ1cmwiOiJodHRwczpcL1wvd3d3LmtjaHcuZnJcL3dwLWNvbnRlbnRcL3VwbG9hZHNcLzIwMjNcLzA1XC9TdGFnZS1iZWxnZXMtNC5qcGciLCJzbGlkZXNob3ciOiJlODZlYWIwIn0%3D\" href=\"https:\/\/www.kchw.fr\/wp-content\/uploads\/2023\/05\/Stage-belges-4.jpg\"><figure class=\"swiper-slide-inner\"><img decoding=\"async\" class=\"swiper-slide-image\" src=\"https:\/\/www.kchw.fr\/wp-content\/uploads\/elementor\/thumbs\/Stage-belges-4-q67mj3sfokyodmabf4nkz41ia386jntcp09xlv5rhs.jpg\" alt=\"Stage belges 4\" \/><\/figure><\/a><\/div><div class=\"swiper-slide\"><a data-elementor-open-lightbox=\"yes\" data-elementor-lightbox-slideshow=\"e86eab0\" data-elementor-lightbox-title=\"Stage belges 5\" data-e-action-hash=\"#elementor-action%3Aaction%3Dlightbox%26settings%3DeyJpZCI6NjY5LCJ1cmwiOiJodHRwczpcL1wvd3d3LmtjaHcuZnJcL3dwLWNvbnRlbnRcL3VwbG9hZHNcLzIwMjNcLzA1XC9TdGFnZS1iZWxnZXMtNS5qcGciLCJzbGlkZXNob3ciOiJlODZlYWIwIn0%3D\" href=\"https:\/\/www.kchw.fr\/wp-content\/uploads\/2023\/05\/Stage-belges-5.jpg\"><figure class=\"swiper-slide-inner\"><img decoding=\"async\" class=\"swiper-slide-image\" src=\"https:\/\/www.kchw.fr\/wp-content\/uploads\/elementor\/thumbs\/Stage-belges-5-q67mj4q9vezyp88y9n27jlsyvh3jrcx314xf354dbk.jpg\" alt=\"Stage belges 5\" \/><\/figure><\/a><\/div><div class=\"swiper-slide\"><a data-elementor-open-lightbox=\"yes\" data-elementor-lightbox-slideshow=\"e86eab0\" data-elementor-lightbox-title=\"Stage belges 6\" data-e-action-hash=\"#elementor-action%3Aaction%3Dlightbox%26settings%3DeyJpZCI6NjcwLCJ1cmwiOiJodHRwczpcL1wvd3d3LmtjaHcuZnJcL3dwLWNvbnRlbnRcL3VwbG9hZHNcLzIwMjNcLzA1XC9TdGFnZS1iZWxnZXMtNi5qcGciLCJzbGlkZXNob3ciOiJlODZlYWIwIn0%3D\" href=\"https:\/\/www.kchw.fr\/wp-content\/uploads\/2023\/05\/Stage-belges-6.jpg\"><figure class=\"swiper-slide-inner\"><img decoding=\"async\" class=\"swiper-slide-image\" src=\"https:\/\/www.kchw.fr\/wp-content\/uploads\/elementor\/thumbs\/Stage-belges-6-q67mj5o429190u7l45gu43kfguywz20td9kwkf2z5c.jpg\" alt=\"Stage belges 6\" \/><\/figure><\/a><\/div><div class=\"swiper-slide\"><a data-elementor-open-lightbox=\"yes\" data-elementor-lightbox-slideshow=\"e86eab0\" data-elementor-lightbox-title=\"Stage belges 1\" data-e-action-hash=\"#elementor-action%3Aaction%3Dlightbox%26settings%3DeyJpZCI6NjY2LCJ1cmwiOiJodHRwczpcL1wvd3d3LmtjaHcuZnJcL3dwLWNvbnRlbnRcL3VwbG9hZHNcLzIwMjNcLzA1XC9TdGFnZS1iZWxnZXMtMS5qcGciLCJzbGlkZXNob3ciOiJlODZlYWIwIn0%3D\" href=\"https:\/\/www.kchw.fr\/wp-content\/uploads\/2023\/05\/Stage-belges-1.jpg\"><figure class=\"swiper-slide-inner\"><img decoding=\"async\" class=\"swiper-slide-image\" src=\"https:\/\/www.kchw.fr\/wp-content\/uploads\/elementor\/thumbs\/Stage-belges-1-q67mj1wraww3qed1q3ubu4il3bhg49lw0qyynb8ju8.jpg\" alt=\"Stage belges 1\" \/><\/figure><\/a><\/div>\t\t\t<\/div>\n\t\t\t\t\t\t\t\t\t\t\t\t<div class=\"swiper-pagination\"><\/div>\n\t\t\t\t\t\t\t\t\t\t\t\t\t<div class=\"elementor-swiper-button elementor-swiper-button-prev\" role=\"button\" tabindex=\"0\">\n\t\t\t\t\t\t<i aria-hidden=\"true\" class=\"eicon-chevron-left\"><\/i>\t\t\t\t\t\t<span class=\"elementor-screen-only\">Previous image<\/span>\n\t\t\t\t\t<\/div>\n\t\t\t\t\t<div class=\"elementor-swiper-button elementor-swiper-button-next\" role=\"button\" tabindex=\"0\">\n\t\t\t\t\t\t<i aria-hidden=\"true\" class=\"eicon-chevron-right\"><\/i>\t\t\t\t\t\t<span class=\"elementor-screen-only\">Next image<\/span>\n\t\t\t\t\t<\/div>\n\t\t\t\t\t\t\t\t\t<\/div>\n\t\t\t\t<\/div>\n\t\t\t\t<\/div>\n\t\t\t\t\t<\/div>\n\t\t<\/div>\n\t\t\t\t\t\t\t<\/div>\n\t\t<\/section>\n\t\t\t\t\t\t\t<\/div>\n\t\t","protected":false},"excerpt":{"rendered":"<p>Stage entre Alsaciens et Belges En novembre, une rencontre entre les pratiquants Alsaciens et les pratiquants du club d&rsquo;Ariane Pindeville en Belgique \u00e0 eu lieu au KCHW. Un moment d&rsquo;\u00e9change et de d\u00e9couverte entre les pratiquants! Previous image Next image<\/p>\n","protected":false},"author":1,"featured_media":435,"comment_status":"closed","ping_status":"open","sticky":false,"template":"","format":"standard","meta":{"site-sidebar-layout":"default","site-content-layout":"default","ast-global-header-display":"","ast-main-header-display":"","ast-hfb-above-header-display":"","ast-hfb-below-header-display":"","ast-hfb-mobile-header-display":"","site-post-title":"","ast-breadcrumbs-content":"","ast-featured-img":"","footer-sml-layout":"","theme-transparent-header-meta":"","adv-header-id-meta":"","stick-header-meta":"","header-above-stick-meta":"","header-main-stick-meta":"","header-below-stick-meta":"","footnotes":""},"categories":[1],"tags":[],"class_list":["post-434","post","type-post","status-publish","format-standard","has-post-thumbnail","hentry","category-uncategorized"],"yoast_head":"<!-- This site is optimized with the Yoast SEO plugin v20.7 - https:\/\/yoast.com\/wordpress\/plugins\/seo\/ -->\n<title>Stage entre Alsaciens et Belges - Club de karat\u00e9 Horbourg-Wihr, Colmar<\/title>\n<meta name=\"robots\" content=\"index, follow, max-snippet:-1, max-image-preview:large, max-video-preview:-1\" \/>\n<link rel=\"canonical\" href=\"https:\/\/www.kchw.fr\/?p=434\" \/>\n<meta property=\"og:locale\" content=\"fr_FR\" \/>\n<meta property=\"og:type\" content=\"article\" \/>\n<meta property=\"og:title\" content=\"Stage entre Alsaciens et Belges - Club de karat\u00e9 Horbourg-Wihr, Colmar\" \/>\n<meta property=\"og:description\" content=\"Stage entre Alsaciens et Belges En novembre, une rencontre entre les pratiquants Alsaciens et les pratiquants du club d&rsquo;Ariane Pindeville en Belgique \u00e0 eu lieu au KCHW. Un moment d&rsquo;\u00e9change et de d\u00e9couverte entre les pratiquants! Previous image Next image\" \/>\n<meta property=\"og:url\" content=\"https:\/\/www.kchw.fr\/?p=434\" \/>\n<meta property=\"og:site_name\" content=\"Club de karat\u00e9 Horbourg-Wihr, Colmar\" \/>\n<meta property=\"article:published_time\" content=\"2023-05-05T09:43:02+00:00\" \/>\n<meta property=\"article:modified_time\" content=\"2023-06-13T13:55:36+00:00\" \/>\n<meta property=\"og:image\" content=\"https:\/\/www.kchw.fr\/wp-content\/uploads\/2023\/05\/Stage-belges-2.jpg\" \/>\n\t<meta property=\"og:image:width\" content=\"1824\" \/>\n\t<meta property=\"og:image:height\" content=\"1368\" \/>\n\t<meta property=\"og:image:type\" content=\"image\/jpeg\" \/>\n<meta name=\"author\" content=\"Administrateur\" \/>\n<meta name=\"twitter:card\" content=\"summary_large_image\" \/>\n<meta name=\"twitter:label1\" content=\"\u00c9crit par\" \/>\n\t<meta name=\"twitter:data1\" content=\"Administrateur\" \/>\n\t<meta name=\"twitter:label2\" content=\"Dur\u00e9e de lecture estim\u00e9e\" \/>\n\t<meta name=\"twitter:data2\" content=\"3 minutes\" \/>\n<script type=\"application\/ld+json\" class=\"yoast-schema-graph\">{\"@context\":\"https:\/\/schema.org\",\"@graph\":[{\"@type\":\"Article\",\"@id\":\"https:\/\/www.kchw.fr\/?p=434#article\",\"isPartOf\":{\"@id\":\"https:\/\/www.kchw.fr\/?p=434\"},\"author\":{\"name\":\"Administrateur\",\"@id\":\"https:\/\/www.kchw.fr\/#\/schema\/person\/5faceb15121705d2e83929d11be0b2aa\"},\"headline\":\"Stage entre Alsaciens et Belges\",\"datePublished\":\"2023-05-05T09:43:02+00:00\",\"dateModified\":\"2023-06-13T13:55:36+00:00\",\"mainEntityOfPage\":{\"@id\":\"https:\/\/www.kchw.fr\/?p=434\"},\"wordCount\":47,\"publisher\":{\"@id\":\"https:\/\/www.kchw.fr\/#organization\"},\"articleSection\":[\"Actualit\u00e9s\"],\"inLanguage\":\"fr-FR\"},{\"@type\":\"WebPage\",\"@id\":\"https:\/\/www.kchw.fr\/?p=434\",\"url\":\"https:\/\/www.kchw.fr\/?p=434\",\"name\":\"Stage entre Alsaciens et Belges - Club de karat\u00e9 Horbourg-Wihr, Colmar\",\"isPartOf\":{\"@id\":\"https:\/\/www.kchw.fr\/#website\"},\"datePublished\":\"2023-05-05T09:43:02+00:00\",\"dateModified\":\"2023-06-13T13:55:36+00:00\",\"breadcrumb\":{\"@id\":\"https:\/\/www.kchw.fr\/?p=434#breadcrumb\"},\"inLanguage\":\"fr-FR\",\"potentialAction\":[{\"@type\":\"ReadAction\",\"target\":[\"https:\/\/www.kchw.fr\/?p=434\"]}]},{\"@type\":\"BreadcrumbList\",\"@id\":\"https:\/\/www.kchw.fr\/?p=434#breadcrumb\",\"itemListElement\":[{\"@type\":\"ListItem\",\"position\":1,\"name\":\"Accueil\",\"item\":\"https:\/\/www.kchw.fr\/\"},{\"@type\":\"ListItem\",\"position\":2,\"name\":\"Stage entre Alsaciens et Belges\"}]},{\"@type\":\"WebSite\",\"@id\":\"https:\/\/www.kchw.fr\/#website\",\"url\":\"https:\/\/www.kchw.fr\/\",\"name\":\"Club de karat\u00e9 Horbourg-Wihr, Colmar\",\"description\":\"Club de karat\u00e9  Horbourg-Wihr, Colmar\",\"publisher\":{\"@id\":\"https:\/\/www.kchw.fr\/#organization\"},\"potentialAction\":[{\"@type\":\"SearchAction\",\"target\":{\"@type\":\"EntryPoint\",\"urlTemplate\":\"https:\/\/www.kchw.fr\/?s={search_term_string}\"},\"query-input\":\"required name=search_term_string\"}],\"inLanguage\":\"fr-FR\"},{\"@type\":\"Organization\",\"@id\":\"https:\/\/www.kchw.fr\/#organization\",\"name\":\"Club de karat\u00e9 Horbourg-Wihr, Colmar\",\"url\":\"https:\/\/www.kchw.fr\/\",\"logo\":{\"@type\":\"ImageObject\",\"inLanguage\":\"fr-FR\",\"@id\":\"https:\/\/www.kchw.fr\/#\/schema\/logo\/image\/\",\"url\":\"https:\/\/www.kchw.fr\/wp-content\/uploads\/2023\/05\/logo.png\",\"contentUrl\":\"https:\/\/www.kchw.fr\/wp-content\/uploads\/2023\/05\/logo.png\",\"width\":156,\"height\":40,\"caption\":\"Club de karat\u00e9  Horbourg-Wihr, Colmar\"},\"image\":{\"@id\":\"https:\/\/www.kchw.fr\/#\/schema\/logo\/image\/\"}},{\"@type\":\"Person\",\"@id\":\"https:\/\/www.kchw.fr\/#\/schema\/person\/5faceb15121705d2e83929d11be0b2aa\",\"name\":\"Administrateur\",\"image\":{\"@type\":\"ImageObject\",\"inLanguage\":\"fr-FR\",\"@id\":\"https:\/\/www.kchw.fr\/#\/schema\/person\/image\/\",\"url\":\"https:\/\/secure.gravatar.com\/avatar\/61753ec7550ec89ac6ba3623bb2bc92ce968f687cdcb62e3906f6309234ca786?s=96&d=mm&r=g\",\"contentUrl\":\"https:\/\/secure.gravatar.com\/avatar\/61753ec7550ec89ac6ba3623bb2bc92ce968f687cdcb62e3906f6309234ca786?s=96&d=mm&r=g\",\"caption\":\"Administrateur\"},\"sameAs\":[\"https:\/\/www.kchw.fr\"],\"url\":\"https:\/\/www.kchw.fr\/?author=1\"}]}<\/script>\n<!-- \/ Yoast SEO plugin. -->","yoast_head_json":{"title":"Stage entre Alsaciens et Belges - Club de karat\u00e9 Horbourg-Wihr, Colmar","robots":{"index":"index","follow":"follow","max-snippet":"max-snippet:-1","max-image-preview":"max-image-preview:large","max-video-preview":"max-video-preview:-1"},"canonical":"https:\/\/www.kchw.fr\/?p=434","og_locale":"fr_FR","og_type":"article","og_title":"Stage entre Alsaciens et Belges - Club de karat\u00e9 Horbourg-Wihr, Colmar","og_description":"Stage entre Alsaciens et Belges En novembre, une rencontre entre les pratiquants Alsaciens et les pratiquants du club d&rsquo;Ariane Pindeville en Belgique \u00e0 eu lieu au KCHW. Un moment d&rsquo;\u00e9change et de d\u00e9couverte entre les pratiquants! Previous image Next image","og_url":"https:\/\/www.kchw.fr\/?p=434","og_site_name":"Club de karat\u00e9 Horbourg-Wihr, Colmar","article_published_time":"2023-05-05T09:43:02+00:00","article_modified_time":"2023-06-13T13:55:36+00:00","og_image":[{"width":1824,"height":1368,"url":"https:\/\/www.kchw.fr\/wp-content\/uploads\/2023\/05\/Stage-belges-2.jpg","type":"image\/jpeg"}],"author":"Administrateur","twitter_card":"summary_large_image","twitter_misc":{"\u00c9crit par":"Administrateur","Dur\u00e9e de lecture estim\u00e9e":"3 minutes"},"schema":{"@context":"https:\/\/schema.org","@graph":[{"@type":"Article","@id":"https:\/\/www.kchw.fr\/?p=434#article","isPartOf":{"@id":"https:\/\/www.kchw.fr\/?p=434"},"author":{"name":"Administrateur","@id":"https:\/\/www.kchw.fr\/#\/schema\/person\/5faceb15121705d2e83929d11be0b2aa"},"headline":"Stage entre Alsaciens et Belges","datePublished":"2023-05-05T09:43:02+00:00","dateModified":"2023-06-13T13:55:36+00:00","mainEntityOfPage":{"@id":"https:\/\/www.kchw.fr\/?p=434"},"wordCount":47,"publisher":{"@id":"https:\/\/www.kchw.fr\/#organization"},"articleSection":["Actualit\u00e9s"],"inLanguage":"fr-FR"},{"@type":"WebPage","@id":"https:\/\/www.kchw.fr\/?p=434","url":"https:\/\/www.kchw.fr\/?p=434","name":"Stage entre Alsaciens et Belges - Club de karat\u00e9 Horbourg-Wihr, Colmar","isPartOf":{"@id":"https:\/\/www.kchw.fr\/#website"},"datePublished":"2023-05-05T09:43:02+00:00","dateModified":"2023-06-13T13:55:36+00:00","breadcrumb":{"@id":"https:\/\/www.kchw.fr\/?p=434#breadcrumb"},"inLanguage":"fr-FR","potentialAction":[{"@type":"ReadAction","target":["https:\/\/www.kchw.fr\/?p=434"]}]},{"@type":"BreadcrumbList","@id":"https:\/\/www.kchw.fr\/?p=434#breadcrumb","itemListElement":[{"@type":"ListItem","position":1,"name":"Accueil","item":"https:\/\/www.kchw.fr\/"},{"@type":"ListItem","position":2,"name":"Stage entre Alsaciens et Belges"}]},{"@type":"WebSite","@id":"https:\/\/www.kchw.fr\/#website","url":"https:\/\/www.kchw.fr\/","name":"Club de karat\u00e9 Horbourg-Wihr, Colmar","description":"Club de karat\u00e9  Horbourg-Wihr, Colmar","publisher":{"@id":"https:\/\/www.kchw.fr\/#organization"},"potentialAction":[{"@type":"SearchAction","target":{"@type":"EntryPoint","urlTemplate":"https:\/\/www.kchw.fr\/?s={search_term_string}"},"query-input":"required name=search_term_string"}],"inLanguage":"fr-FR"},{"@type":"Organization","@id":"https:\/\/www.kchw.fr\/#organization","name":"Club de karat\u00e9 Horbourg-Wihr, Colmar","url":"https:\/\/www.kchw.fr\/","logo":{"@type":"ImageObject","inLanguage":"fr-FR","@id":"https:\/\/www.kchw.fr\/#\/schema\/logo\/image\/","url":"https:\/\/www.kchw.fr\/wp-content\/uploads\/2023\/05\/logo.png","contentUrl":"https:\/\/www.kchw.fr\/wp-content\/uploads\/2023\/05\/logo.png","width":156,"height":40,"caption":"Club de karat\u00e9  Horbourg-Wihr, Colmar"},"image":{"@id":"https:\/\/www.kchw.fr\/#\/schema\/logo\/image\/"}},{"@type":"Person","@id":"https:\/\/www.kchw.fr\/#\/schema\/person\/5faceb15121705d2e83929d11be0b2aa","name":"Administrateur","image":{"@type":"ImageObject","inLanguage":"fr-FR","@id":"https:\/\/www.kchw.fr\/#\/schema\/person\/image\/","url":"https:\/\/secure.gravatar.com\/avatar\/61753ec7550ec89ac6ba3623bb2bc92ce968f687cdcb62e3906f6309234ca786?s=96&d=mm&r=g","contentUrl":"https:\/\/secure.gravatar.com\/avatar\/61753ec7550ec89ac6ba3623bb2bc92ce968f687cdcb62e3906f6309234ca786?s=96&d=mm&r=g","caption":"Administrateur"},"sameAs":["https:\/\/www.kchw.fr"],"url":"https:\/\/www.kchw.fr\/?author=1"}]}},"_links":{"self":[{"href":"https:\/\/www.kchw.fr\/index.php?rest_route=\/wp\/v2\/posts\/434","targetHints":{"allow":["GET"]}}],"collection":[{"href":"https:\/\/www.kchw.fr\/index.php?rest_route=\/wp\/v2\/posts"}],"about":[{"href":"https:\/\/www.kchw.fr\/index.php?rest_route=\/wp\/v2\/types\/post"}],"author":[{"embeddable":true,"href":"https:\/\/www.kchw.fr\/index.php?rest_route=\/wp\/v2\/users\/1"}],"replies":[{"embeddable":true,"href":"https:\/\/www.kchw.fr\/index.php?rest_route=%2Fwp%2Fv2%2Fcomments&post=434"}],"version-history":[{"count":9,"href":"https:\/\/www.kchw.fr\/index.php?rest_route=\/wp\/v2\/posts\/434\/revisions"}],"predecessor-version":[{"id":1144,"href":"https:\/\/www.kchw.fr\/index.php?rest_route=\/wp\/v2\/posts\/434\/revisions\/1144"}],"wp:featuredmedia":[{"embeddable":true,"href":"https:\/\/www.kchw.fr\/index.php?rest_route=\/wp\/v2\/media\/435"}],"wp:attachment":[{"href":"https:\/\/www.kchw.fr\/index.php?rest_route=%2Fwp%2Fv2%2Fmedia&parent=434"}],"wp:term":[{"taxonomy":"category","embeddable":true,"href":"https:\/\/www.kchw.fr\/index.php?rest_route=%2Fwp%2Fv2%2Fcategories&post=434"},{"taxonomy":"post_tag","embeddable":true,"href":"https:\/\/www.kchw.fr\/index.php?rest_route=%2Fwp%2Fv2%2Ftags&post=434"}],"curies":[{"name":"wp","href":"https:\/\/api.w.org\/{rel}","templated":true}]}}