{"id":1579,"date":"2025-02-16T15:36:21","date_gmt":"2025-02-16T15:36:21","guid":{"rendered":"https:\/\/www.kchw.fr\/?p=1579"},"modified":"2025-02-16T15:37:13","modified_gmt":"2025-02-16T15:37:13","slug":"coupe-et-championnat-du-haut-rhin-kumite","status":"publish","type":"post","link":"https:\/\/www.kchw.fr\/?p=1579","title":{"rendered":"Coupe et championnat du Haut-Rhin kumit\u00e9"},"content":{"rendered":"\t\t<div data-elementor-type=\"wp-post\" data-elementor-id=\"1579\" class=\"elementor elementor-1579\">\n\t\t\t\t\t\t\t\t\t<section class=\"elementor-section elementor-top-section elementor-element elementor-element-b9f4291 elementor-section-boxed elementor-section-height-default elementor-section-height-default\" data-id=\"b9f4291\" data-element_type=\"section\">\n\t\t\t\t\t\t<div class=\"elementor-container elementor-column-gap-default\">\n\t\t\t\t\t<div class=\"elementor-column elementor-col-100 elementor-top-column elementor-element elementor-element-bfa87bb\" data-id=\"bfa87bb\" data-element_type=\"column\">\n\t\t\t<div class=\"elementor-widget-wrap elementor-element-populated\">\n\t\t\t\t\t\t\t\t<div class=\"elementor-element elementor-element-460bf30 elementor-widget elementor-widget-text-editor\" data-id=\"460bf30\" data-element_type=\"widget\" data-widget_type=\"text-editor.default\">\n\t\t\t\t<div class=\"elementor-widget-container\">\n\t\t\t<style>\/*! elementor - v3.13.2 - 11-05-2023 *\/\n.elementor-widget-text-editor.elementor-drop-cap-view-stacked .elementor-drop-cap{background-color:#69727d;color:#fff}.elementor-widget-text-editor.elementor-drop-cap-view-framed .elementor-drop-cap{color:#69727d;border:3px solid;background-color:transparent}.elementor-widget-text-editor:not(.elementor-drop-cap-view-default) .elementor-drop-cap{margin-top:8px}.elementor-widget-text-editor:not(.elementor-drop-cap-view-default) .elementor-drop-cap-letter{width:1em;height:1em}.elementor-widget-text-editor .elementor-drop-cap{float:left;text-align:center;line-height:1;font-size:50px}.elementor-widget-text-editor .elementor-drop-cap-letter{display:inline-block}<\/style>\t\t\t\t<p>La coupe et les championnats du Haut-Rhin kumit\u00e9 se sont d\u00e9roul\u00e9s sur deux week-end. Nos combattants \u00e9taient au rendez-vous sur les plus haute marche du podium. Bravo \u00e0 eux !<\/p><p>Coupe du Haut-Rhin 12 janvier 2025 \u00e0 Ensisheim.<br \/>Benjamin -40 kg : 1er CANEHAN CARBONNEL Maxence<br \/>Benjamine -45kg : 3\u00e8me RUHLMANN Keykissa<br \/>Pupille -35kg : 3\u00e8me SCHUMANN Dean<br \/>Pupille -40kg : 1er MULLER Enzo<br \/>Pupille F\u00e9minine : 1\u00e8re MORELLO Chiara<br \/>Championnat du Haut-Rhin 9 f\u00e9vrier 2025 \u00e0 Biesheim<br \/>Minime -50kg : 1er SERY Cl\u00e9ment<br \/>Minime -55kg : 2\u00e8me TRAPP Arthur<br \/><span style=\"font-style: inherit; font-weight: inherit; background-color: var(--ast-global-color-5); color: var(--ast-global-color-3);\">Cadet -52kg : 1er SERY Cl\u00e9ment<br \/>Cadette -54kg : 2\u00e8me RIEFFEL L\u00e9ane<br \/><\/span><span style=\"font-style: inherit; font-weight: inherit; background-color: var(--ast-global-color-5); color: var(--ast-global-color-3);\">Junior f\u00e9minine -53kg : 1\u00e8re RIEFFEL L\u00e9ane<\/span><\/p>\t\t\t\t\t\t<\/div>\n\t\t\t\t<\/div>\n\t\t\t\t\t<\/div>\n\t\t<\/div>\n\t\t\t\t\t\t\t<\/div>\n\t\t<\/section>\n\t\t\t\t<section class=\"elementor-section elementor-top-section elementor-element elementor-element-e7456b4 elementor-section-boxed elementor-section-height-default elementor-section-height-default\" data-id=\"e7456b4\" data-element_type=\"section\">\n\t\t\t\t\t\t<div class=\"elementor-container elementor-column-gap-default\">\n\t\t\t\t\t<div class=\"elementor-column elementor-col-100 elementor-top-column elementor-element elementor-element-6883798\" data-id=\"6883798\" data-element_type=\"column\">\n\t\t\t<div class=\"elementor-widget-wrap elementor-element-populated\">\n\t\t\t\t\t\t\t\t<div class=\"elementor-element elementor-element-8c1f156 elementor-widget elementor-widget-image-gallery\" data-id=\"8c1f156\" data-element_type=\"widget\" data-widget_type=\"image-gallery.default\">\n\t\t\t\t<div class=\"elementor-widget-container\">\n\t\t\t<style>\/*! elementor - v3.13.2 - 11-05-2023 *\/\n.elementor-image-gallery .gallery-item{display:inline-block;text-align:center;vertical-align:top;width:100%;max-width:100%;margin:0 auto}.elementor-image-gallery .gallery-item img{margin:0 auto}.elementor-image-gallery .gallery-item .gallery-caption{margin:0}.elementor-image-gallery figure img{display:block}.elementor-image-gallery figure figcaption{width:100%}.gallery-spacing-custom .elementor-image-gallery .gallery-icon{padding:0}@media (min-width:768px){.elementor-image-gallery .gallery-columns-2 .gallery-item{max-width:50%}.elementor-image-gallery .gallery-columns-3 .gallery-item{max-width:33.33%}.elementor-image-gallery .gallery-columns-4 .gallery-item{max-width:25%}.elementor-image-gallery .gallery-columns-5 .gallery-item{max-width:20%}.elementor-image-gallery .gallery-columns-6 .gallery-item{max-width:16.666%}.elementor-image-gallery .gallery-columns-7 .gallery-item{max-width:14.28%}.elementor-image-gallery .gallery-columns-8 .gallery-item{max-width:12.5%}.elementor-image-gallery .gallery-columns-9 .gallery-item{max-width:11.11%}.elementor-image-gallery .gallery-columns-10 .gallery-item{max-width:10%}}@media (min-width:480px) and (max-width:767px){.elementor-image-gallery .gallery.gallery-columns-2 .gallery-item,.elementor-image-gallery .gallery.gallery-columns-3 .gallery-item,.elementor-image-gallery .gallery.gallery-columns-4 .gallery-item,.elementor-image-gallery .gallery.gallery-columns-5 .gallery-item,.elementor-image-gallery .gallery.gallery-columns-6 .gallery-item,.elementor-image-gallery .gallery.gallery-columns-7 .gallery-item,.elementor-image-gallery .gallery.gallery-columns-8 .gallery-item,.elementor-image-gallery .gallery.gallery-columns-9 .gallery-item,.elementor-image-gallery .gallery.gallery-columns-10 .gallery-item{max-width:50%}}@media (max-width:479px){.elementor-image-gallery .gallery.gallery-columns-2 .gallery-item,.elementor-image-gallery .gallery.gallery-columns-3 .gallery-item,.elementor-image-gallery .gallery.gallery-columns-4 .gallery-item,.elementor-image-gallery .gallery.gallery-columns-5 .gallery-item,.elementor-image-gallery .gallery.gallery-columns-6 .gallery-item,.elementor-image-gallery .gallery.gallery-columns-7 .gallery-item,.elementor-image-gallery .gallery.gallery-columns-8 .gallery-item,.elementor-image-gallery .gallery.gallery-columns-9 .gallery-item,.elementor-image-gallery .gallery.gallery-columns-10 .gallery-item{max-width:100%}}<\/style>\t\t<div class=\"elementor-image-gallery\">\n\t\t\t<div id='gallery-1' class='gallery galleryid-1579 gallery-columns-3 gallery-size-thumbnail'><figure class='gallery-item'>\n\t\t\t<div class='gallery-icon landscape'>\n\t\t\t\t<a data-elementor-open-lightbox=\"yes\" data-elementor-lightbox-slideshow=\"8c1f156\" data-elementor-lightbox-title=\"kumite_1_120125\" data-e-action-hash=\"#elementor-action%3Aaction%3Dlightbox%26settings%3DeyJpZCI6MTU4MywidXJsIjoiaHR0cHM6XC9cL3d3dy5rY2h3LmZyXC93cC1jb250ZW50XC91cGxvYWRzXC8yMDI1XC8wMlwva3VtaXRlXzFfMTIwMTI1LmpwZyIsInNsaWRlc2hvdyI6IjhjMWYxNTYifQ%3D%3D\" href='https:\/\/www.kchw.fr\/wp-content\/uploads\/2025\/02\/kumite_1_120125.jpg'><img loading=\"lazy\" decoding=\"async\" width=\"150\" height=\"150\" src=\"https:\/\/www.kchw.fr\/wp-content\/uploads\/2025\/02\/kumite_1_120125-150x150.jpg\" class=\"attachment-thumbnail size-thumbnail\" alt=\"\" \/><\/a>\n\t\t\t<\/div><\/figure><figure class='gallery-item'>\n\t\t\t<div class='gallery-icon landscape'>\n\t\t\t\t<a data-elementor-open-lightbox=\"yes\" data-elementor-lightbox-slideshow=\"8c1f156\" data-elementor-lightbox-title=\"kumite_120125\" data-e-action-hash=\"#elementor-action%3Aaction%3Dlightbox%26settings%3DeyJpZCI6MTU4OCwidXJsIjoiaHR0cHM6XC9cL3d3dy5rY2h3LmZyXC93cC1jb250ZW50XC91cGxvYWRzXC8yMDI1XC8wMlwva3VtaXRlXzEyMDEyNS5qcGciLCJzbGlkZXNob3ciOiI4YzFmMTU2In0%3D\" href='https:\/\/www.kchw.fr\/wp-content\/uploads\/2025\/02\/kumite_120125.jpg'><img loading=\"lazy\" decoding=\"async\" width=\"150\" height=\"150\" src=\"https:\/\/www.kchw.fr\/wp-content\/uploads\/2025\/02\/kumite_120125-150x150.jpg\" class=\"attachment-thumbnail size-thumbnail\" alt=\"\" \/><\/a>\n\t\t\t<\/div><\/figure><figure class='gallery-item'>\n\t\t\t<div class='gallery-icon landscape'>\n\t\t\t\t<a data-elementor-open-lightbox=\"yes\" data-elementor-lightbox-slideshow=\"8c1f156\" data-elementor-lightbox-title=\"kumite_090225\" data-e-action-hash=\"#elementor-action%3Aaction%3Dlightbox%26settings%3DeyJpZCI6MTU4NywidXJsIjoiaHR0cHM6XC9cL3d3dy5rY2h3LmZyXC93cC1jb250ZW50XC91cGxvYWRzXC8yMDI1XC8wMlwva3VtaXRlXzA5MDIyNS5qcGciLCJzbGlkZXNob3ciOiI4YzFmMTU2In0%3D\" href='https:\/\/www.kchw.fr\/wp-content\/uploads\/2025\/02\/kumite_090225.jpg'><img loading=\"lazy\" decoding=\"async\" width=\"150\" height=\"150\" src=\"https:\/\/www.kchw.fr\/wp-content\/uploads\/2025\/02\/kumite_090225-150x150.jpg\" class=\"attachment-thumbnail size-thumbnail\" alt=\"\" \/><\/a>\n\t\t\t<\/div><\/figure><figure class='gallery-item'>\n\t\t\t<div class='gallery-icon landscape'>\n\t\t\t\t<a data-elementor-open-lightbox=\"yes\" data-elementor-lightbox-slideshow=\"8c1f156\" data-elementor-lightbox-title=\"kumite_4_090225\" data-e-action-hash=\"#elementor-action%3Aaction%3Dlightbox%26settings%3DeyJpZCI6MTU4NiwidXJsIjoiaHR0cHM6XC9cL3d3dy5rY2h3LmZyXC93cC1jb250ZW50XC91cGxvYWRzXC8yMDI1XC8wMlwva3VtaXRlXzRfMDkwMjI1LmpwZyIsInNsaWRlc2hvdyI6IjhjMWYxNTYifQ%3D%3D\" href='https:\/\/www.kchw.fr\/wp-content\/uploads\/2025\/02\/kumite_4_090225.jpg'><img loading=\"lazy\" decoding=\"async\" width=\"150\" height=\"150\" src=\"https:\/\/www.kchw.fr\/wp-content\/uploads\/2025\/02\/kumite_4_090225-150x150.jpg\" class=\"attachment-thumbnail size-thumbnail\" alt=\"\" \/><\/a>\n\t\t\t<\/div><\/figure><figure class='gallery-item'>\n\t\t\t<div class='gallery-icon landscape'>\n\t\t\t\t<a data-elementor-open-lightbox=\"yes\" data-elementor-lightbox-slideshow=\"8c1f156\" data-elementor-lightbox-title=\"kumite_3_090225\" data-e-action-hash=\"#elementor-action%3Aaction%3Dlightbox%26settings%3DeyJpZCI6MTU4NSwidXJsIjoiaHR0cHM6XC9cL3d3dy5rY2h3LmZyXC93cC1jb250ZW50XC91cGxvYWRzXC8yMDI1XC8wMlwva3VtaXRlXzNfMDkwMjI1LmpwZyIsInNsaWRlc2hvdyI6IjhjMWYxNTYifQ%3D%3D\" href='https:\/\/www.kchw.fr\/wp-content\/uploads\/2025\/02\/kumite_3_090225.jpg'><img loading=\"lazy\" decoding=\"async\" width=\"150\" height=\"150\" src=\"https:\/\/www.kchw.fr\/wp-content\/uploads\/2025\/02\/kumite_3_090225-150x150.jpg\" class=\"attachment-thumbnail size-thumbnail\" alt=\"\" \/><\/a>\n\t\t\t<\/div><\/figure><figure class='gallery-item'>\n\t\t\t<div class='gallery-icon landscape'>\n\t\t\t\t<a data-elementor-open-lightbox=\"yes\" data-elementor-lightbox-slideshow=\"8c1f156\" data-elementor-lightbox-title=\"kumite_2_090225\" data-e-action-hash=\"#elementor-action%3Aaction%3Dlightbox%26settings%3DeyJpZCI6MTU4NCwidXJsIjoiaHR0cHM6XC9cL3d3dy5rY2h3LmZyXC93cC1jb250ZW50XC91cGxvYWRzXC8yMDI1XC8wMlwva3VtaXRlXzJfMDkwMjI1LmpwZyIsInNsaWRlc2hvdyI6IjhjMWYxNTYifQ%3D%3D\" href='https:\/\/www.kchw.fr\/wp-content\/uploads\/2025\/02\/kumite_2_090225.jpg'><img loading=\"lazy\" decoding=\"async\" width=\"150\" height=\"150\" src=\"https:\/\/www.kchw.fr\/wp-content\/uploads\/2025\/02\/kumite_2_090225-150x150.jpg\" class=\"attachment-thumbnail size-thumbnail\" alt=\"\" \/><\/a>\n\t\t\t<\/div><\/figure>\n\t\t<\/div>\n\t\t<\/div>\n\t\t\t\t<\/div>\n\t\t\t\t<\/div>\n\t\t\t\t\t<\/div>\n\t\t<\/div>\n\t\t\t\t\t\t\t<\/div>\n\t\t<\/section>\n\t\t\t\t\t\t\t<\/div>\n\t\t","protected":false},"excerpt":{"rendered":"<p>La coupe et les championnats du Haut-Rhin kumit\u00e9 se sont d\u00e9roul\u00e9s sur deux week-end. Nos combattants \u00e9taient au rendez-vous sur les plus haute marche du podium. Bravo \u00e0 eux ! Coupe du Haut-Rhin 12 janvier 2025 \u00e0 Ensisheim.Benjamin -40 kg : 1er CANEHAN CARBONNEL MaxenceBenjamine -45kg : 3\u00e8me RUHLMANN KeykissaPupille -35kg : 3\u00e8me SCHUMANN DeanPupille &hellip;<\/p>\n<p class=\"read-more\"> <a class=\"\" href=\"https:\/\/www.kchw.fr\/?p=1579\"> <span class=\"screen-reader-text\">Coupe et championnat du Haut-Rhin kumit\u00e9<\/span> Lire la suite\u00a0\u00bb<\/a><\/p>\n","protected":false},"author":1,"featured_media":1583,"comment_status":"open","ping_status":"open","sticky":false,"template":"","format":"standard","meta":{"site-sidebar-layout":"default","site-content-layout":"default","ast-global-header-display":"","ast-main-header-display":"","ast-hfb-above-header-display":"","ast-hfb-below-header-display":"","ast-hfb-mobile-header-display":"","site-post-title":"","ast-breadcrumbs-content":"","ast-featured-img":"","footer-sml-layout":"","theme-transparent-header-meta":"","adv-header-id-meta":"","stick-header-meta":"","header-above-stick-meta":"","header-main-stick-meta":"","header-below-stick-meta":"","footnotes":""},"categories":[1],"tags":[],"class_list":["post-1579","post","type-post","status-publish","format-standard","has-post-thumbnail","hentry","category-uncategorized"],"yoast_head":"<!-- This site is optimized with the Yoast SEO plugin v20.7 - https:\/\/yoast.com\/wordpress\/plugins\/seo\/ -->\n<title>Coupe et championnat du Haut-Rhin kumit\u00e9 - Club de karat\u00e9 Horbourg-Wihr, Colmar<\/title>\n<meta name=\"robots\" content=\"index, follow, max-snippet:-1, max-image-preview:large, max-video-preview:-1\" \/>\n<link rel=\"canonical\" href=\"https:\/\/www.kchw.fr\/?p=1579\" \/>\n<meta property=\"og:locale\" content=\"fr_FR\" \/>\n<meta property=\"og:type\" content=\"article\" \/>\n<meta property=\"og:title\" content=\"Coupe et championnat du Haut-Rhin kumit\u00e9 - Club de karat\u00e9 Horbourg-Wihr, Colmar\" \/>\n<meta property=\"og:description\" content=\"La coupe et les championnats du Haut-Rhin kumit\u00e9 se sont d\u00e9roul\u00e9s sur deux week-end. Nos combattants \u00e9taient au rendez-vous sur les plus haute marche du podium. Bravo \u00e0 eux ! Coupe du Haut-Rhin 12 janvier 2025 \u00e0 Ensisheim.Benjamin -40 kg : 1er CANEHAN CARBONNEL MaxenceBenjamine -45kg : 3\u00e8me RUHLMANN KeykissaPupille -35kg : 3\u00e8me SCHUMANN DeanPupille &hellip; Coupe et championnat du Haut-Rhin kumit\u00e9 Lire la suite\u00a0\u00bb\" \/>\n<meta property=\"og:url\" content=\"https:\/\/www.kchw.fr\/?p=1579\" \/>\n<meta property=\"og:site_name\" content=\"Club de karat\u00e9 Horbourg-Wihr, Colmar\" \/>\n<meta property=\"article:published_time\" content=\"2025-02-16T15:36:21+00:00\" \/>\n<meta property=\"article:modified_time\" content=\"2025-02-16T15:37:13+00:00\" \/>\n<meta property=\"og:image\" content=\"https:\/\/www.kchw.fr\/wp-content\/uploads\/2025\/02\/kumite_1_120125.jpg\" \/>\n\t<meta property=\"og:image:width\" content=\"2048\" \/>\n\t<meta property=\"og:image:height\" content=\"1365\" \/>\n\t<meta property=\"og:image:type\" content=\"image\/jpeg\" \/>\n<meta name=\"author\" content=\"Administrateur\" \/>\n<meta name=\"twitter:card\" content=\"summary_large_image\" \/>\n<meta name=\"twitter:label1\" content=\"\u00c9crit par\" \/>\n\t<meta name=\"twitter:data1\" content=\"Administrateur\" \/>\n\t<meta name=\"twitter:label2\" content=\"Dur\u00e9e de lecture estim\u00e9e\" \/>\n\t<meta name=\"twitter:data2\" content=\"3 minutes\" \/>\n<script type=\"application\/ld+json\" class=\"yoast-schema-graph\">{\"@context\":\"https:\/\/schema.org\",\"@graph\":[{\"@type\":\"Article\",\"@id\":\"https:\/\/www.kchw.fr\/?p=1579#article\",\"isPartOf\":{\"@id\":\"https:\/\/www.kchw.fr\/?p=1579\"},\"author\":{\"name\":\"Administrateur\",\"@id\":\"https:\/\/www.kchw.fr\/#\/schema\/person\/5faceb15121705d2e83929d11be0b2aa\"},\"headline\":\"Coupe et championnat du Haut-Rhin kumit\u00e9\",\"datePublished\":\"2025-02-16T15:36:21+00:00\",\"dateModified\":\"2025-02-16T15:37:13+00:00\",\"mainEntityOfPage\":{\"@id\":\"https:\/\/www.kchw.fr\/?p=1579\"},\"wordCount\":104,\"commentCount\":0,\"publisher\":{\"@id\":\"https:\/\/www.kchw.fr\/#organization\"},\"articleSection\":[\"Actualit\u00e9s\"],\"inLanguage\":\"fr-FR\",\"potentialAction\":[{\"@type\":\"CommentAction\",\"name\":\"Comment\",\"target\":[\"https:\/\/www.kchw.fr\/?p=1579#respond\"]}]},{\"@type\":\"WebPage\",\"@id\":\"https:\/\/www.kchw.fr\/?p=1579\",\"url\":\"https:\/\/www.kchw.fr\/?p=1579\",\"name\":\"Coupe et championnat du Haut-Rhin kumit\u00e9 - Club de karat\u00e9 Horbourg-Wihr, Colmar\",\"isPartOf\":{\"@id\":\"https:\/\/www.kchw.fr\/#website\"},\"datePublished\":\"2025-02-16T15:36:21+00:00\",\"dateModified\":\"2025-02-16T15:37:13+00:00\",\"breadcrumb\":{\"@id\":\"https:\/\/www.kchw.fr\/?p=1579#breadcrumb\"},\"inLanguage\":\"fr-FR\",\"potentialAction\":[{\"@type\":\"ReadAction\",\"target\":[\"https:\/\/www.kchw.fr\/?p=1579\"]}]},{\"@type\":\"BreadcrumbList\",\"@id\":\"https:\/\/www.kchw.fr\/?p=1579#breadcrumb\",\"itemListElement\":[{\"@type\":\"ListItem\",\"position\":1,\"name\":\"Accueil\",\"item\":\"https:\/\/www.kchw.fr\/\"},{\"@type\":\"ListItem\",\"position\":2,\"name\":\"Coupe et championnat du Haut-Rhin kumit\u00e9\"}]},{\"@type\":\"WebSite\",\"@id\":\"https:\/\/www.kchw.fr\/#website\",\"url\":\"https:\/\/www.kchw.fr\/\",\"name\":\"Club de karat\u00e9 Horbourg-Wihr, Colmar\",\"description\":\"Club de karat\u00e9  Horbourg-Wihr, Colmar\",\"publisher\":{\"@id\":\"https:\/\/www.kchw.fr\/#organization\"},\"potentialAction\":[{\"@type\":\"SearchAction\",\"target\":{\"@type\":\"EntryPoint\",\"urlTemplate\":\"https:\/\/www.kchw.fr\/?s={search_term_string}\"},\"query-input\":\"required name=search_term_string\"}],\"inLanguage\":\"fr-FR\"},{\"@type\":\"Organization\",\"@id\":\"https:\/\/www.kchw.fr\/#organization\",\"name\":\"Club de karat\u00e9 Horbourg-Wihr, Colmar\",\"url\":\"https:\/\/www.kchw.fr\/\",\"logo\":{\"@type\":\"ImageObject\",\"inLanguage\":\"fr-FR\",\"@id\":\"https:\/\/www.kchw.fr\/#\/schema\/logo\/image\/\",\"url\":\"https:\/\/www.kchw.fr\/wp-content\/uploads\/2023\/05\/logo.png\",\"contentUrl\":\"https:\/\/www.kchw.fr\/wp-content\/uploads\/2023\/05\/logo.png\",\"width\":156,\"height\":40,\"caption\":\"Club de karat\u00e9  Horbourg-Wihr, Colmar\"},\"image\":{\"@id\":\"https:\/\/www.kchw.fr\/#\/schema\/logo\/image\/\"}},{\"@type\":\"Person\",\"@id\":\"https:\/\/www.kchw.fr\/#\/schema\/person\/5faceb15121705d2e83929d11be0b2aa\",\"name\":\"Administrateur\",\"image\":{\"@type\":\"ImageObject\",\"inLanguage\":\"fr-FR\",\"@id\":\"https:\/\/www.kchw.fr\/#\/schema\/person\/image\/\",\"url\":\"https:\/\/secure.gravatar.com\/avatar\/61753ec7550ec89ac6ba3623bb2bc92ce968f687cdcb62e3906f6309234ca786?s=96&d=mm&r=g\",\"contentUrl\":\"https:\/\/secure.gravatar.com\/avatar\/61753ec7550ec89ac6ba3623bb2bc92ce968f687cdcb62e3906f6309234ca786?s=96&d=mm&r=g\",\"caption\":\"Administrateur\"},\"sameAs\":[\"https:\/\/www.kchw.fr\"],\"url\":\"https:\/\/www.kchw.fr\/?author=1\"}]}<\/script>\n<!-- \/ Yoast SEO plugin. -->","yoast_head_json":{"title":"Coupe et championnat du Haut-Rhin kumit\u00e9 - Club de karat\u00e9 Horbourg-Wihr, Colmar","robots":{"index":"index","follow":"follow","max-snippet":"max-snippet:-1","max-image-preview":"max-image-preview:large","max-video-preview":"max-video-preview:-1"},"canonical":"https:\/\/www.kchw.fr\/?p=1579","og_locale":"fr_FR","og_type":"article","og_title":"Coupe et championnat du Haut-Rhin kumit\u00e9 - Club de karat\u00e9 Horbourg-Wihr, Colmar","og_description":"La coupe et les championnats du Haut-Rhin kumit\u00e9 se sont d\u00e9roul\u00e9s sur deux week-end. Nos combattants \u00e9taient au rendez-vous sur les plus haute marche du podium. Bravo \u00e0 eux ! Coupe du Haut-Rhin 12 janvier 2025 \u00e0 Ensisheim.Benjamin -40 kg : 1er CANEHAN CARBONNEL MaxenceBenjamine -45kg : 3\u00e8me RUHLMANN KeykissaPupille -35kg : 3\u00e8me SCHUMANN DeanPupille &hellip; Coupe et championnat du Haut-Rhin kumit\u00e9 Lire la suite\u00a0\u00bb","og_url":"https:\/\/www.kchw.fr\/?p=1579","og_site_name":"Club de karat\u00e9 Horbourg-Wihr, Colmar","article_published_time":"2025-02-16T15:36:21+00:00","article_modified_time":"2025-02-16T15:37:13+00:00","og_image":[{"width":2048,"height":1365,"url":"https:\/\/www.kchw.fr\/wp-content\/uploads\/2025\/02\/kumite_1_120125.jpg","type":"image\/jpeg"}],"author":"Administrateur","twitter_card":"summary_large_image","twitter_misc":{"\u00c9crit par":"Administrateur","Dur\u00e9e de lecture estim\u00e9e":"3 minutes"},"schema":{"@context":"https:\/\/schema.org","@graph":[{"@type":"Article","@id":"https:\/\/www.kchw.fr\/?p=1579#article","isPartOf":{"@id":"https:\/\/www.kchw.fr\/?p=1579"},"author":{"name":"Administrateur","@id":"https:\/\/www.kchw.fr\/#\/schema\/person\/5faceb15121705d2e83929d11be0b2aa"},"headline":"Coupe et championnat du Haut-Rhin kumit\u00e9","datePublished":"2025-02-16T15:36:21+00:00","dateModified":"2025-02-16T15:37:13+00:00","mainEntityOfPage":{"@id":"https:\/\/www.kchw.fr\/?p=1579"},"wordCount":104,"commentCount":0,"publisher":{"@id":"https:\/\/www.kchw.fr\/#organization"},"articleSection":["Actualit\u00e9s"],"inLanguage":"fr-FR","potentialAction":[{"@type":"CommentAction","name":"Comment","target":["https:\/\/www.kchw.fr\/?p=1579#respond"]}]},{"@type":"WebPage","@id":"https:\/\/www.kchw.fr\/?p=1579","url":"https:\/\/www.kchw.fr\/?p=1579","name":"Coupe et championnat du Haut-Rhin kumit\u00e9 - Club de karat\u00e9 Horbourg-Wihr, Colmar","isPartOf":{"@id":"https:\/\/www.kchw.fr\/#website"},"datePublished":"2025-02-16T15:36:21+00:00","dateModified":"2025-02-16T15:37:13+00:00","breadcrumb":{"@id":"https:\/\/www.kchw.fr\/?p=1579#breadcrumb"},"inLanguage":"fr-FR","potentialAction":[{"@type":"ReadAction","target":["https:\/\/www.kchw.fr\/?p=1579"]}]},{"@type":"BreadcrumbList","@id":"https:\/\/www.kchw.fr\/?p=1579#breadcrumb","itemListElement":[{"@type":"ListItem","position":1,"name":"Accueil","item":"https:\/\/www.kchw.fr\/"},{"@type":"ListItem","position":2,"name":"Coupe et championnat du Haut-Rhin kumit\u00e9"}]},{"@type":"WebSite","@id":"https:\/\/www.kchw.fr\/#website","url":"https:\/\/www.kchw.fr\/","name":"Club de karat\u00e9 Horbourg-Wihr, Colmar","description":"Club de karat\u00e9  Horbourg-Wihr, Colmar","publisher":{"@id":"https:\/\/www.kchw.fr\/#organization"},"potentialAction":[{"@type":"SearchAction","target":{"@type":"EntryPoint","urlTemplate":"https:\/\/www.kchw.fr\/?s={search_term_string}"},"query-input":"required name=search_term_string"}],"inLanguage":"fr-FR"},{"@type":"Organization","@id":"https:\/\/www.kchw.fr\/#organization","name":"Club de karat\u00e9 Horbourg-Wihr, Colmar","url":"https:\/\/www.kchw.fr\/","logo":{"@type":"ImageObject","inLanguage":"fr-FR","@id":"https:\/\/www.kchw.fr\/#\/schema\/logo\/image\/","url":"https:\/\/www.kchw.fr\/wp-content\/uploads\/2023\/05\/logo.png","contentUrl":"https:\/\/www.kchw.fr\/wp-content\/uploads\/2023\/05\/logo.png","width":156,"height":40,"caption":"Club de karat\u00e9  Horbourg-Wihr, Colmar"},"image":{"@id":"https:\/\/www.kchw.fr\/#\/schema\/logo\/image\/"}},{"@type":"Person","@id":"https:\/\/www.kchw.fr\/#\/schema\/person\/5faceb15121705d2e83929d11be0b2aa","name":"Administrateur","image":{"@type":"ImageObject","inLanguage":"fr-FR","@id":"https:\/\/www.kchw.fr\/#\/schema\/person\/image\/","url":"https:\/\/secure.gravatar.com\/avatar\/61753ec7550ec89ac6ba3623bb2bc92ce968f687cdcb62e3906f6309234ca786?s=96&d=mm&r=g","contentUrl":"https:\/\/secure.gravatar.com\/avatar\/61753ec7550ec89ac6ba3623bb2bc92ce968f687cdcb62e3906f6309234ca786?s=96&d=mm&r=g","caption":"Administrateur"},"sameAs":["https:\/\/www.kchw.fr"],"url":"https:\/\/www.kchw.fr\/?author=1"}]}},"_links":{"self":[{"href":"https:\/\/www.kchw.fr\/index.php?rest_route=\/wp\/v2\/posts\/1579","targetHints":{"allow":["GET"]}}],"collection":[{"href":"https:\/\/www.kchw.fr\/index.php?rest_route=\/wp\/v2\/posts"}],"about":[{"href":"https:\/\/www.kchw.fr\/index.php?rest_route=\/wp\/v2\/types\/post"}],"author":[{"embeddable":true,"href":"https:\/\/www.kchw.fr\/index.php?rest_route=\/wp\/v2\/users\/1"}],"replies":[{"embeddable":true,"href":"https:\/\/www.kchw.fr\/index.php?rest_route=%2Fwp%2Fv2%2Fcomments&post=1579"}],"version-history":[{"count":5,"href":"https:\/\/www.kchw.fr\/index.php?rest_route=\/wp\/v2\/posts\/1579\/revisions"}],"predecessor-version":[{"id":1591,"href":"https:\/\/www.kchw.fr\/index.php?rest_route=\/wp\/v2\/posts\/1579\/revisions\/1591"}],"wp:featuredmedia":[{"embeddable":true,"href":"https:\/\/www.kchw.fr\/index.php?rest_route=\/wp\/v2\/media\/1583"}],"wp:attachment":[{"href":"https:\/\/www.kchw.fr\/index.php?rest_route=%2Fwp%2Fv2%2Fmedia&parent=1579"}],"wp:term":[{"taxonomy":"category","embeddable":true,"href":"https:\/\/www.kchw.fr\/index.php?rest_route=%2Fwp%2Fv2%2Fcategories&post=1579"},{"taxonomy":"post_tag","embeddable":true,"href":"https:\/\/www.kchw.fr\/index.php?rest_route=%2Fwp%2Fv2%2Ftags&post=1579"}],"curies":[{"name":"wp","href":"https:\/\/api.w.org\/{rel}","templated":true}]}}