{"id":1471,"date":"2024-08-25T14:11:03","date_gmt":"2024-08-25T14:11:03","guid":{"rendered":"https:\/\/www.kchw.fr\/?p=1471"},"modified":"2024-08-25T14:15:12","modified_gmt":"2024-08-25T14:15:12","slug":"cest-la-rentree","status":"publish","type":"post","link":"https:\/\/www.kchw.fr\/?p=1471","title":{"rendered":"C&rsquo;est la rentr\u00e9e !"},"content":{"rendered":"\t\t<div data-elementor-type=\"wp-post\" data-elementor-id=\"1471\" class=\"elementor elementor-1471\">\n\t\t\t\t\t\t\t\t\t<section class=\"elementor-section elementor-top-section elementor-element elementor-element-7c8e619 elementor-section-boxed elementor-section-height-default elementor-section-height-default\" data-id=\"7c8e619\" data-element_type=\"section\">\n\t\t\t\t\t\t<div class=\"elementor-container elementor-column-gap-default\">\n\t\t\t\t\t<div class=\"elementor-column elementor-col-100 elementor-top-column elementor-element elementor-element-5038ddf\" data-id=\"5038ddf\" data-element_type=\"column\">\n\t\t\t<div class=\"elementor-widget-wrap elementor-element-populated\">\n\t\t\t\t\t\t\t\t<div class=\"elementor-element elementor-element-339f193 elementor-widget elementor-widget-text-editor\" data-id=\"339f193\" data-element_type=\"widget\" data-widget_type=\"text-editor.default\">\n\t\t\t\t<div class=\"elementor-widget-container\">\n\t\t\t<style>\/*! elementor - v3.13.2 - 11-05-2023 *\/\n.elementor-widget-text-editor.elementor-drop-cap-view-stacked .elementor-drop-cap{background-color:#69727d;color:#fff}.elementor-widget-text-editor.elementor-drop-cap-view-framed .elementor-drop-cap{color:#69727d;border:3px solid;background-color:transparent}.elementor-widget-text-editor:not(.elementor-drop-cap-view-default) .elementor-drop-cap{margin-top:8px}.elementor-widget-text-editor:not(.elementor-drop-cap-view-default) .elementor-drop-cap-letter{width:1em;height:1em}.elementor-widget-text-editor .elementor-drop-cap{float:left;text-align:center;line-height:1;font-size:50px}.elementor-widget-text-editor .elementor-drop-cap-letter{display:inline-block}<\/style>\t\t\t\t<p class=\"western\" style=\"text-align: left;\" align=\"center\">KARATE ENFANTS et ADULTES<br \/><span style=\"font-size: medium;\">Le karat\u00e9 club d\u2019Horbourg-Wihr enseigne cet art martial japonais suivant l\u2019\u00e9cole shito-ryu. Ecole qui se caract\u00e9rise par sa fluidit\u00e9, son art de l\u2019esquive et par un travail de main ouverte favorisant les saisies et projections.<br \/><\/span><span style=\"font-size: medium; font-style: inherit; font-weight: inherit; background-color: var(--ast-global-color-5); color: var(--ast-global-color-3);\">Vous pouvez venir pratiquer d\u00e8s l\u2019age de 4 ans au cours de baby-karat\u00e9, o\u00f9 le karat\u00e9 est abord\u00e9 de mani\u00e8re ludique et sous forme de jeu. Cela permet d\u00e8s le plus jeune \u00e2ge la lat\u00e9ralisation, la pr\u00e9cision des gestes, la concentration et la coordination.<br \/><\/span><span style=\"font-size: medium; font-style: inherit; font-weight: inherit; background-color: var(--ast-global-color-5); color: var(--ast-global-color-3);\">De 6 \u00e0 16 ans, les entra\u00eenements permettent \u00e9galement de travailler le contr\u00f4le de soi, de prendre confiance en soi, d\u2019apprendre la discipline et le respect des autres, d\u2019am\u00e9liorer la m\u00e9moire et sa condition physique. Des notions de self-d\u00e9fense sont \u00e9galement abord\u00e9es afin que les enfants puissent r\u00e9agir face \u00e0 une situation de stress.<br \/><\/span><span style=\"font-size: medium; font-style: inherit; font-weight: inherit; background-color: var(--ast-global-color-5); color: var(--ast-global-color-3);\">L\u2019apprentissage continue au cours des adultes (\u00e0 partir de 16 ans), les techniques sont plus complexes, la self-d\u00e9fense est d\u00e9velopp\u00e9e \u00e0 partir des techniques de base et des katas. Les entra\u00eenements permettent \u00e9galement un renforcement musculaire et le d\u00e9veloppement du syst\u00e8me cardiovasculaire.<\/span><\/p><p class=\"western\" align=\"justify\"><span style=\"font-size: medium;\">Les cours\u00a0: baby karat\u00e9\u00a0: samedi 12h45 \u2013 13h30<br \/><\/span><span style=\"font-size: medium; font-style: inherit; font-weight: inherit; background-color: var(--ast-global-color-5); color: var(--ast-global-color-3);\">enfants\u00a0: mercredi\u00a0: 14h \u2013 17h15 et samedi 13h30 \u2013 17h30<br \/><\/span><span style=\"font-size: medium; font-style: inherit; font-weight: inherit; background-color: var(--ast-global-color-5); color: var(--ast-global-color-3);\">Adultes\u00a0: lundi et jeudi\u00a0: 20h \u2013 21h45<br \/><\/span><span style=\"font-size: medium; font-style: inherit; font-weight: inherit; background-color: var(--ast-global-color-5); color: var(--ast-global-color-3);\">Lieu\u00a0: Dojo de la salle Kastler \u00e0 Horbourg-Wihr<br \/><\/span><span style=\"font-size: medium; font-style: inherit; font-weight: inherit; background-color: var(--ast-global-color-5); color: var(--ast-global-color-3);\">Reprise\u00a0: mercredi 4 septembre 2024<br \/><\/span><span style=\"font-size: medium; font-style: inherit; font-weight: inherit; background-color: var(--ast-global-color-5); color: var(--ast-global-color-3);\">Inscription\u00a0: sur place. 2 s\u00e9ances d\u2019essai gratuites<br \/><\/span><span style=\"font-size: medium; font-style: inherit; font-weight: inherit; background-color: var(--ast-global-color-5); color: var(--ast-global-color-3);\">Renseignements\u00a0; Niederberger Jean-Michel (pr\u00e9sident) 06 76 19 95 59<br \/><\/span><span style=\"font-size: medium; font-style: inherit; font-weight: inherit; background-color: var(--ast-global-color-5); color: var(--ast-global-color-3);\">Carbonnel Fanny (professeur) 06 62 02 68 13<\/span><\/p><p class=\"western\" align=\"center\">KARATE SANTE<br \/><span style=\"font-style: inherit; font-weight: inherit; background-color: var(--ast-global-color-5); color: var(--ast-global-color-3);\">Ne vous fiez pas aux apparences le karat\u00e9 sant\u00e9 est peut-\u00eatre fait pour vous.<\/span><\/p><p class=\"western\" align=\"justify\">Rien de tel que cette activit\u00e9 adapt\u00e9e \u00e0 un public senior, avec ou sans pathologie, pour travailler votre \u00e9quilibre, votre coordination, votre souplesse et votre m\u00e9moire tout cela dans une ambiance conviviale.<br \/><span style=\"font-style: inherit; font-weight: inherit; background-color: var(--ast-global-color-5); color: var(--ast-global-color-3);\">Les adeptes ont entre 60 et 75 ans et se r\u00e9unissent tous les lundis de 10h \u00e0 11h.<br \/><\/span><span style=\"font-size: medium; font-style: inherit; font-weight: inherit; background-color: var(--ast-global-color-5); color: var(--ast-global-color-3);\">Un tarif pr\u00e9f\u00e9rentiel est accord\u00e9 aux personnes venant avec le r\u00e9seau prescri\u2019mouv (<\/span><a style=\"font-size: medium; font-style: inherit; font-weight: inherit;\" href=\"https:\/\/www.prescrimouv-grandest.fr\/\">https:\/\/www.prescrimouv-grandest.fr\/<\/a><span style=\"font-size: medium; font-style: inherit; font-weight: inherit; background-color: var(--ast-global-color-5); color: var(--ast-global-color-3);\">)<\/span><\/p><p class=\"western\" align=\"justify\"><span style=\"font-size: medium;\">Reprise\u00a0: <\/span><span style=\"color: #000000;\"><span style=\"font-family: Liberation Serif, Times New Roman, serif;\"><span style=\"font-size: medium;\"><span lang=\"fr-CH\">l<\/span><\/span><\/span><\/span><span style=\"font-size: medium;\">undi 2 septembre 2024<br \/><\/span><span style=\"font-size: medium; font-style: inherit; font-weight: inherit; background-color: var(--ast-global-color-5); color: var(--ast-global-color-3);\">Inscription\u00a0: sur place. 2 s\u00e9ances d\u2019essai gratuites<\/span><\/p><p class=\"western\" align=\"justify\">\u00a0<\/p><p class=\"western\" align=\"justify\"><span style=\"font-size: medium;\">Renseignements\u00a0; Carbonnel Fanny (professeur) 06 62 02 68 13<\/span><\/p>\t\t\t\t\t\t<\/div>\n\t\t\t\t<\/div>\n\t\t\t\t\t<\/div>\n\t\t<\/div>\n\t\t\t\t\t\t\t<\/div>\n\t\t<\/section>\n\t\t\t\t<section class=\"elementor-section elementor-top-section elementor-element elementor-element-a8ca5b1 elementor-section-boxed elementor-section-height-default elementor-section-height-default\" data-id=\"a8ca5b1\" data-element_type=\"section\">\n\t\t\t\t\t\t<div class=\"elementor-container elementor-column-gap-default\">\n\t\t\t\t\t<div class=\"elementor-column elementor-col-100 elementor-top-column elementor-element elementor-element-cc2fb95\" data-id=\"cc2fb95\" data-element_type=\"column\">\n\t\t\t<div class=\"elementor-widget-wrap elementor-element-populated\">\n\t\t\t\t\t\t\t\t<div class=\"elementor-element elementor-element-343375b elementor-widget elementor-widget-image\" data-id=\"343375b\" data-element_type=\"widget\" data-widget_type=\"image.default\">\n\t\t\t\t<div class=\"elementor-widget-container\">\n\t\t\t<style>\/*! elementor - v3.13.2 - 11-05-2023 *\/\n.elementor-widget-image{text-align:center}.elementor-widget-image a{display:inline-block}.elementor-widget-image a img[src$=\".svg\"]{width:48px}.elementor-widget-image img{vertical-align:middle;display:inline-block}<\/style>\t\t\t\t\t\t\t\t\t\t\t\t<img loading=\"lazy\" decoding=\"async\" width=\"600\" height=\"849\" src=\"https:\/\/www.kchw.fr\/wp-content\/uploads\/2023\/07\/PUB_KCHW_site.png\" class=\"attachment-large size-large wp-image-1233\" alt=\"\" srcset=\"https:\/\/www.kchw.fr\/wp-content\/uploads\/2023\/07\/PUB_KCHW_site.png 600w, https:\/\/www.kchw.fr\/wp-content\/uploads\/2023\/07\/PUB_KCHW_site-212x300.png 212w\" sizes=\"auto, (max-width: 600px) 100vw, 600px\" \/>\t\t\t\t\t\t\t\t\t\t\t\t\t\t\t<\/div>\n\t\t\t\t<\/div>\n\t\t\t\t\t<\/div>\n\t\t<\/div>\n\t\t\t\t\t\t\t<\/div>\n\t\t<\/section>\n\t\t\t\t\t\t\t<\/div>\n\t\t","protected":false},"excerpt":{"rendered":"<p>KARATE ENFANTS et ADULTESLe karat\u00e9 club d\u2019Horbourg-Wihr enseigne cet art martial japonais suivant l\u2019\u00e9cole shito-ryu. Ecole qui se caract\u00e9rise par sa fluidit\u00e9, son art de l\u2019esquive et par un travail de main ouverte favorisant les saisies et projections.Vous pouvez venir pratiquer d\u00e8s l\u2019age de 4 ans au cours de baby-karat\u00e9, o\u00f9 le karat\u00e9 est abord\u00e9 &hellip;<\/p>\n<p class=\"read-more\"> <a class=\"\" href=\"https:\/\/www.kchw.fr\/?p=1471\"> <span class=\"screen-reader-text\">C&rsquo;est la rentr\u00e9e !<\/span> Lire la suite\u00a0\u00bb<\/a><\/p>\n","protected":false},"author":1,"featured_media":1233,"comment_status":"open","ping_status":"open","sticky":false,"template":"","format":"standard","meta":{"site-sidebar-layout":"default","site-content-layout":"default","ast-global-header-display":"","ast-main-header-display":"","ast-hfb-above-header-display":"","ast-hfb-below-header-display":"","ast-hfb-mobile-header-display":"","site-post-title":"","ast-breadcrumbs-content":"","ast-featured-img":"disabled","footer-sml-layout":"","theme-transparent-header-meta":"","adv-header-id-meta":"","stick-header-meta":"","header-above-stick-meta":"","header-main-stick-meta":"","header-below-stick-meta":"","footnotes":""},"categories":[1],"tags":[],"class_list":["post-1471","post","type-post","status-publish","format-standard","has-post-thumbnail","hentry","category-uncategorized"],"yoast_head":"<!-- This site is optimized with the Yoast SEO plugin v20.7 - https:\/\/yoast.com\/wordpress\/plugins\/seo\/ -->\n<title>C&#039;est la rentr\u00e9e ! - Club de karat\u00e9 Horbourg-Wihr, Colmar<\/title>\n<meta name=\"robots\" content=\"index, follow, max-snippet:-1, max-image-preview:large, max-video-preview:-1\" \/>\n<link rel=\"canonical\" href=\"https:\/\/www.kchw.fr\/?p=1471\" \/>\n<meta property=\"og:locale\" content=\"fr_FR\" \/>\n<meta property=\"og:type\" content=\"article\" \/>\n<meta property=\"og:title\" content=\"C&#039;est la rentr\u00e9e ! - Club de karat\u00e9 Horbourg-Wihr, Colmar\" \/>\n<meta property=\"og:description\" content=\"KARATE ENFANTS et ADULTESLe karat\u00e9 club d\u2019Horbourg-Wihr enseigne cet art martial japonais suivant l\u2019\u00e9cole shito-ryu. Ecole qui se caract\u00e9rise par sa fluidit\u00e9, son art de l\u2019esquive et par un travail de main ouverte favorisant les saisies et projections.Vous pouvez venir pratiquer d\u00e8s l\u2019age de 4 ans au cours de baby-karat\u00e9, o\u00f9 le karat\u00e9 est abord\u00e9 &hellip; C&rsquo;est la rentr\u00e9e ! Lire la suite\u00a0\u00bb\" \/>\n<meta property=\"og:url\" content=\"https:\/\/www.kchw.fr\/?p=1471\" \/>\n<meta property=\"og:site_name\" content=\"Club de karat\u00e9 Horbourg-Wihr, Colmar\" \/>\n<meta property=\"article:published_time\" content=\"2024-08-25T14:11:03+00:00\" \/>\n<meta property=\"article:modified_time\" content=\"2024-08-25T14:15:12+00:00\" \/>\n<meta property=\"og:image\" content=\"https:\/\/www.kchw.fr\/wp-content\/uploads\/2023\/07\/PUB_KCHW_site.png\" \/>\n\t<meta property=\"og:image:width\" content=\"600\" \/>\n\t<meta property=\"og:image:height\" content=\"849\" \/>\n\t<meta property=\"og:image:type\" content=\"image\/png\" \/>\n<meta name=\"author\" content=\"Administrateur\" \/>\n<meta name=\"twitter:card\" content=\"summary_large_image\" \/>\n<meta name=\"twitter:label1\" content=\"\u00c9crit par\" \/>\n\t<meta name=\"twitter:data1\" content=\"Administrateur\" \/>\n\t<meta name=\"twitter:label2\" content=\"Dur\u00e9e de lecture estim\u00e9e\" \/>\n\t<meta name=\"twitter:data2\" content=\"2 minutes\" \/>\n<script type=\"application\/ld+json\" class=\"yoast-schema-graph\">{\"@context\":\"https:\/\/schema.org\",\"@graph\":[{\"@type\":\"Article\",\"@id\":\"https:\/\/www.kchw.fr\/?p=1471#article\",\"isPartOf\":{\"@id\":\"https:\/\/www.kchw.fr\/?p=1471\"},\"author\":{\"name\":\"Administrateur\",\"@id\":\"https:\/\/www.kchw.fr\/#\/schema\/person\/5faceb15121705d2e83929d11be0b2aa\"},\"headline\":\"C&rsquo;est la rentr\u00e9e !\",\"datePublished\":\"2024-08-25T14:11:03+00:00\",\"dateModified\":\"2024-08-25T14:15:12+00:00\",\"mainEntityOfPage\":{\"@id\":\"https:\/\/www.kchw.fr\/?p=1471\"},\"wordCount\":346,\"commentCount\":0,\"publisher\":{\"@id\":\"https:\/\/www.kchw.fr\/#organization\"},\"articleSection\":[\"Actualit\u00e9s\"],\"inLanguage\":\"fr-FR\",\"potentialAction\":[{\"@type\":\"CommentAction\",\"name\":\"Comment\",\"target\":[\"https:\/\/www.kchw.fr\/?p=1471#respond\"]}]},{\"@type\":\"WebPage\",\"@id\":\"https:\/\/www.kchw.fr\/?p=1471\",\"url\":\"https:\/\/www.kchw.fr\/?p=1471\",\"name\":\"C'est la rentr\u00e9e ! - Club de karat\u00e9 Horbourg-Wihr, Colmar\",\"isPartOf\":{\"@id\":\"https:\/\/www.kchw.fr\/#website\"},\"datePublished\":\"2024-08-25T14:11:03+00:00\",\"dateModified\":\"2024-08-25T14:15:12+00:00\",\"breadcrumb\":{\"@id\":\"https:\/\/www.kchw.fr\/?p=1471#breadcrumb\"},\"inLanguage\":\"fr-FR\",\"potentialAction\":[{\"@type\":\"ReadAction\",\"target\":[\"https:\/\/www.kchw.fr\/?p=1471\"]}]},{\"@type\":\"BreadcrumbList\",\"@id\":\"https:\/\/www.kchw.fr\/?p=1471#breadcrumb\",\"itemListElement\":[{\"@type\":\"ListItem\",\"position\":1,\"name\":\"Accueil\",\"item\":\"https:\/\/www.kchw.fr\/\"},{\"@type\":\"ListItem\",\"position\":2,\"name\":\"C&rsquo;est la rentr\u00e9e !\"}]},{\"@type\":\"WebSite\",\"@id\":\"https:\/\/www.kchw.fr\/#website\",\"url\":\"https:\/\/www.kchw.fr\/\",\"name\":\"Club de karat\u00e9 Horbourg-Wihr, Colmar\",\"description\":\"Club de karat\u00e9  Horbourg-Wihr, Colmar\",\"publisher\":{\"@id\":\"https:\/\/www.kchw.fr\/#organization\"},\"potentialAction\":[{\"@type\":\"SearchAction\",\"target\":{\"@type\":\"EntryPoint\",\"urlTemplate\":\"https:\/\/www.kchw.fr\/?s={search_term_string}\"},\"query-input\":\"required name=search_term_string\"}],\"inLanguage\":\"fr-FR\"},{\"@type\":\"Organization\",\"@id\":\"https:\/\/www.kchw.fr\/#organization\",\"name\":\"Club de karat\u00e9 Horbourg-Wihr, Colmar\",\"url\":\"https:\/\/www.kchw.fr\/\",\"logo\":{\"@type\":\"ImageObject\",\"inLanguage\":\"fr-FR\",\"@id\":\"https:\/\/www.kchw.fr\/#\/schema\/logo\/image\/\",\"url\":\"https:\/\/www.kchw.fr\/wp-content\/uploads\/2023\/05\/logo.png\",\"contentUrl\":\"https:\/\/www.kchw.fr\/wp-content\/uploads\/2023\/05\/logo.png\",\"width\":156,\"height\":40,\"caption\":\"Club de karat\u00e9  Horbourg-Wihr, Colmar\"},\"image\":{\"@id\":\"https:\/\/www.kchw.fr\/#\/schema\/logo\/image\/\"}},{\"@type\":\"Person\",\"@id\":\"https:\/\/www.kchw.fr\/#\/schema\/person\/5faceb15121705d2e83929d11be0b2aa\",\"name\":\"Administrateur\",\"image\":{\"@type\":\"ImageObject\",\"inLanguage\":\"fr-FR\",\"@id\":\"https:\/\/www.kchw.fr\/#\/schema\/person\/image\/\",\"url\":\"https:\/\/secure.gravatar.com\/avatar\/61753ec7550ec89ac6ba3623bb2bc92ce968f687cdcb62e3906f6309234ca786?s=96&d=mm&r=g\",\"contentUrl\":\"https:\/\/secure.gravatar.com\/avatar\/61753ec7550ec89ac6ba3623bb2bc92ce968f687cdcb62e3906f6309234ca786?s=96&d=mm&r=g\",\"caption\":\"Administrateur\"},\"sameAs\":[\"https:\/\/www.kchw.fr\"],\"url\":\"https:\/\/www.kchw.fr\/?author=1\"}]}<\/script>\n<!-- \/ Yoast SEO plugin. -->","yoast_head_json":{"title":"C'est la rentr\u00e9e ! - Club de karat\u00e9 Horbourg-Wihr, Colmar","robots":{"index":"index","follow":"follow","max-snippet":"max-snippet:-1","max-image-preview":"max-image-preview:large","max-video-preview":"max-video-preview:-1"},"canonical":"https:\/\/www.kchw.fr\/?p=1471","og_locale":"fr_FR","og_type":"article","og_title":"C'est la rentr\u00e9e ! - Club de karat\u00e9 Horbourg-Wihr, Colmar","og_description":"KARATE ENFANTS et ADULTESLe karat\u00e9 club d\u2019Horbourg-Wihr enseigne cet art martial japonais suivant l\u2019\u00e9cole shito-ryu. Ecole qui se caract\u00e9rise par sa fluidit\u00e9, son art de l\u2019esquive et par un travail de main ouverte favorisant les saisies et projections.Vous pouvez venir pratiquer d\u00e8s l\u2019age de 4 ans au cours de baby-karat\u00e9, o\u00f9 le karat\u00e9 est abord\u00e9 &hellip; C&rsquo;est la rentr\u00e9e ! Lire la suite\u00a0\u00bb","og_url":"https:\/\/www.kchw.fr\/?p=1471","og_site_name":"Club de karat\u00e9 Horbourg-Wihr, Colmar","article_published_time":"2024-08-25T14:11:03+00:00","article_modified_time":"2024-08-25T14:15:12+00:00","og_image":[{"width":600,"height":849,"url":"https:\/\/www.kchw.fr\/wp-content\/uploads\/2023\/07\/PUB_KCHW_site.png","type":"image\/png"}],"author":"Administrateur","twitter_card":"summary_large_image","twitter_misc":{"\u00c9crit par":"Administrateur","Dur\u00e9e de lecture estim\u00e9e":"2 minutes"},"schema":{"@context":"https:\/\/schema.org","@graph":[{"@type":"Article","@id":"https:\/\/www.kchw.fr\/?p=1471#article","isPartOf":{"@id":"https:\/\/www.kchw.fr\/?p=1471"},"author":{"name":"Administrateur","@id":"https:\/\/www.kchw.fr\/#\/schema\/person\/5faceb15121705d2e83929d11be0b2aa"},"headline":"C&rsquo;est la rentr\u00e9e !","datePublished":"2024-08-25T14:11:03+00:00","dateModified":"2024-08-25T14:15:12+00:00","mainEntityOfPage":{"@id":"https:\/\/www.kchw.fr\/?p=1471"},"wordCount":346,"commentCount":0,"publisher":{"@id":"https:\/\/www.kchw.fr\/#organization"},"articleSection":["Actualit\u00e9s"],"inLanguage":"fr-FR","potentialAction":[{"@type":"CommentAction","name":"Comment","target":["https:\/\/www.kchw.fr\/?p=1471#respond"]}]},{"@type":"WebPage","@id":"https:\/\/www.kchw.fr\/?p=1471","url":"https:\/\/www.kchw.fr\/?p=1471","name":"C'est la rentr\u00e9e ! - Club de karat\u00e9 Horbourg-Wihr, Colmar","isPartOf":{"@id":"https:\/\/www.kchw.fr\/#website"},"datePublished":"2024-08-25T14:11:03+00:00","dateModified":"2024-08-25T14:15:12+00:00","breadcrumb":{"@id":"https:\/\/www.kchw.fr\/?p=1471#breadcrumb"},"inLanguage":"fr-FR","potentialAction":[{"@type":"ReadAction","target":["https:\/\/www.kchw.fr\/?p=1471"]}]},{"@type":"BreadcrumbList","@id":"https:\/\/www.kchw.fr\/?p=1471#breadcrumb","itemListElement":[{"@type":"ListItem","position":1,"name":"Accueil","item":"https:\/\/www.kchw.fr\/"},{"@type":"ListItem","position":2,"name":"C&rsquo;est la rentr\u00e9e !"}]},{"@type":"WebSite","@id":"https:\/\/www.kchw.fr\/#website","url":"https:\/\/www.kchw.fr\/","name":"Club de karat\u00e9 Horbourg-Wihr, Colmar","description":"Club de karat\u00e9  Horbourg-Wihr, Colmar","publisher":{"@id":"https:\/\/www.kchw.fr\/#organization"},"potentialAction":[{"@type":"SearchAction","target":{"@type":"EntryPoint","urlTemplate":"https:\/\/www.kchw.fr\/?s={search_term_string}"},"query-input":"required name=search_term_string"}],"inLanguage":"fr-FR"},{"@type":"Organization","@id":"https:\/\/www.kchw.fr\/#organization","name":"Club de karat\u00e9 Horbourg-Wihr, Colmar","url":"https:\/\/www.kchw.fr\/","logo":{"@type":"ImageObject","inLanguage":"fr-FR","@id":"https:\/\/www.kchw.fr\/#\/schema\/logo\/image\/","url":"https:\/\/www.kchw.fr\/wp-content\/uploads\/2023\/05\/logo.png","contentUrl":"https:\/\/www.kchw.fr\/wp-content\/uploads\/2023\/05\/logo.png","width":156,"height":40,"caption":"Club de karat\u00e9  Horbourg-Wihr, Colmar"},"image":{"@id":"https:\/\/www.kchw.fr\/#\/schema\/logo\/image\/"}},{"@type":"Person","@id":"https:\/\/www.kchw.fr\/#\/schema\/person\/5faceb15121705d2e83929d11be0b2aa","name":"Administrateur","image":{"@type":"ImageObject","inLanguage":"fr-FR","@id":"https:\/\/www.kchw.fr\/#\/schema\/person\/image\/","url":"https:\/\/secure.gravatar.com\/avatar\/61753ec7550ec89ac6ba3623bb2bc92ce968f687cdcb62e3906f6309234ca786?s=96&d=mm&r=g","contentUrl":"https:\/\/secure.gravatar.com\/avatar\/61753ec7550ec89ac6ba3623bb2bc92ce968f687cdcb62e3906f6309234ca786?s=96&d=mm&r=g","caption":"Administrateur"},"sameAs":["https:\/\/www.kchw.fr"],"url":"https:\/\/www.kchw.fr\/?author=1"}]}},"_links":{"self":[{"href":"https:\/\/www.kchw.fr\/index.php?rest_route=\/wp\/v2\/posts\/1471","targetHints":{"allow":["GET"]}}],"collection":[{"href":"https:\/\/www.kchw.fr\/index.php?rest_route=\/wp\/v2\/posts"}],"about":[{"href":"https:\/\/www.kchw.fr\/index.php?rest_route=\/wp\/v2\/types\/post"}],"author":[{"embeddable":true,"href":"https:\/\/www.kchw.fr\/index.php?rest_route=\/wp\/v2\/users\/1"}],"replies":[{"embeddable":true,"href":"https:\/\/www.kchw.fr\/index.php?rest_route=%2Fwp%2Fv2%2Fcomments&post=1471"}],"version-history":[{"count":5,"href":"https:\/\/www.kchw.fr\/index.php?rest_route=\/wp\/v2\/posts\/1471\/revisions"}],"predecessor-version":[{"id":1476,"href":"https:\/\/www.kchw.fr\/index.php?rest_route=\/wp\/v2\/posts\/1471\/revisions\/1476"}],"wp:featuredmedia":[{"embeddable":true,"href":"https:\/\/www.kchw.fr\/index.php?rest_route=\/wp\/v2\/media\/1233"}],"wp:attachment":[{"href":"https:\/\/www.kchw.fr\/index.php?rest_route=%2Fwp%2Fv2%2Fmedia&parent=1471"}],"wp:term":[{"taxonomy":"category","embeddable":true,"href":"https:\/\/www.kchw.fr\/index.php?rest_route=%2Fwp%2Fv2%2Fcategories&post=1471"},{"taxonomy":"post_tag","embeddable":true,"href":"https:\/\/www.kchw.fr\/index.php?rest_route=%2Fwp%2Fv2%2Ftags&post=1471"}],"curies":[{"name":"wp","href":"https:\/\/api.w.org\/{rel}","templated":true}]}}