{"id":1390,"date":"2024-03-08T15:21:38","date_gmt":"2024-03-08T15:21:38","guid":{"rendered":"https:\/\/www.kchw.fr\/?p=1390"},"modified":"2024-03-08T15:25:39","modified_gmt":"2024-03-08T15:25:39","slug":"coupe-et-championnat-grand-est-kumite","status":"publish","type":"post","link":"https:\/\/www.kchw.fr\/?p=1390","title":{"rendered":"Coupe et championnat Grand-Est Kumit\u00e9 18\/01\/2024"},"content":{"rendered":"\t\t<div data-elementor-type=\"wp-post\" data-elementor-id=\"1390\" class=\"elementor elementor-1390\">\n\t\t\t\t\t\t\t\t\t<section class=\"elementor-section elementor-top-section elementor-element elementor-element-0c8eee3 elementor-section-boxed elementor-section-height-default elementor-section-height-default\" data-id=\"0c8eee3\" data-element_type=\"section\">\n\t\t\t\t\t\t<div class=\"elementor-container elementor-column-gap-default\">\n\t\t\t\t\t<div class=\"elementor-column elementor-col-100 elementor-top-column elementor-element elementor-element-30692f3\" data-id=\"30692f3\" data-element_type=\"column\">\n\t\t\t<div class=\"elementor-widget-wrap elementor-element-populated\">\n\t\t\t\t\t\t\t\t<div class=\"elementor-element elementor-element-ab51e7e elementor-widget elementor-widget-text-editor\" data-id=\"ab51e7e\" data-element_type=\"widget\" data-widget_type=\"text-editor.default\">\n\t\t\t\t<div class=\"elementor-widget-container\">\n\t\t\t<style>\/*! elementor - v3.13.2 - 11-05-2023 *\/\n.elementor-widget-text-editor.elementor-drop-cap-view-stacked .elementor-drop-cap{background-color:#69727d;color:#fff}.elementor-widget-text-editor.elementor-drop-cap-view-framed .elementor-drop-cap{color:#69727d;border:3px solid;background-color:transparent}.elementor-widget-text-editor:not(.elementor-drop-cap-view-default) .elementor-drop-cap{margin-top:8px}.elementor-widget-text-editor:not(.elementor-drop-cap-view-default) .elementor-drop-cap-letter{width:1em;height:1em}.elementor-widget-text-editor .elementor-drop-cap{float:left;text-align:center;line-height:1;font-size:50px}.elementor-widget-text-editor .elementor-drop-cap-letter{display:inline-block}<\/style>\t\t\t\t<div class=\"xdj266r x11i5rnm xat24cr x1mh8g0r x1vvkbs x126k92a\"><div dir=\"auto\"><span style=\"font-size: 16px;\">CANEHAN CARBONNEL Maxence 1er en D1 pupille<\/span><\/div><\/div><div class=\"x11i5rnm xat24cr x1mh8g0r x1vvkbs xtlvy1s x126k92a\"><div dir=\"auto\">MORELLO Chiara 2\u00e8me poussine<\/div><div dir=\"auto\">MASSELIER Jean 2\u00e8me poussin<\/div><div dir=\"auto\">SERY Cl\u00e9ment 2\u00e8me D2 minime<\/div><div dir=\"auto\">BAUMANN Hana\u00e9 3\u00e8me D2<\/div><\/div><div class=\"x11i5rnm xat24cr x1mh8g0r x1vvkbs xtlvy1s x126k92a\"><div dir=\"auto\">Merci aux coachs : <span class=\"xt0psk2\">Adela<\/span><span class=\"xt0psk2\"> Floricel<\/span> <span class=\"xt0psk2\">C\u00e9line Carbonnel<\/span> <span class=\"xt0psk2\">Ariane Pindeville<\/span><\/div><div dir=\"auto\">De beaux progr\u00e8s gr\u00e2ce \u00e0 un investissement et un travail r\u00e9gulier, BRAVO \u00e0 vous et \u00e0 toute l&rsquo;\u00e9quipe du KCHW<\/div><\/div>\t\t\t\t\t\t<\/div>\n\t\t\t\t<\/div>\n\t\t\t\t\t<\/div>\n\t\t<\/div>\n\t\t\t\t\t\t\t<\/div>\n\t\t<\/section>\n\t\t\t\t<section class=\"elementor-section elementor-top-section elementor-element elementor-element-87f77f8 elementor-section-boxed elementor-section-height-default elementor-section-height-default\" data-id=\"87f77f8\" data-element_type=\"section\">\n\t\t\t\t\t\t<div class=\"elementor-container elementor-column-gap-default\">\n\t\t\t\t\t<div class=\"elementor-column elementor-col-50 elementor-top-column elementor-element elementor-element-91c8761\" data-id=\"91c8761\" data-element_type=\"column\">\n\t\t\t<div class=\"elementor-widget-wrap elementor-element-populated\">\n\t\t\t\t\t\t\t\t<div class=\"elementor-element elementor-element-f292944 elementor-widget elementor-widget-image\" data-id=\"f292944\" data-element_type=\"widget\" data-widget_type=\"image.default\">\n\t\t\t\t<div class=\"elementor-widget-container\">\n\t\t\t<style>\/*! elementor - v3.13.2 - 11-05-2023 *\/\n.elementor-widget-image{text-align:center}.elementor-widget-image a{display:inline-block}.elementor-widget-image a img[src$=\".svg\"]{width:48px}.elementor-widget-image img{vertical-align:middle;display:inline-block}<\/style>\t\t\t\t\t\t\t\t\t\t\t\t<img loading=\"lazy\" decoding=\"async\" width=\"960\" height=\"720\" src=\"https:\/\/www.kchw.fr\/wp-content\/uploads\/2024\/03\/428598623_10228326200872624_6020242573754942601_n.jpg\" class=\"attachment-large size-large wp-image-1396\" alt=\"\" srcset=\"https:\/\/www.kchw.fr\/wp-content\/uploads\/2024\/03\/428598623_10228326200872624_6020242573754942601_n.jpg 960w, https:\/\/www.kchw.fr\/wp-content\/uploads\/2024\/03\/428598623_10228326200872624_6020242573754942601_n-300x225.jpg 300w, https:\/\/www.kchw.fr\/wp-content\/uploads\/2024\/03\/428598623_10228326200872624_6020242573754942601_n-768x576.jpg 768w\" sizes=\"auto, (max-width: 960px) 100vw, 960px\" \/>\t\t\t\t\t\t\t\t\t\t\t\t\t\t\t<\/div>\n\t\t\t\t<\/div>\n\t\t\t\t\t<\/div>\n\t\t<\/div>\n\t\t\t\t<div class=\"elementor-column elementor-col-50 elementor-top-column elementor-element elementor-element-ec3cb79\" data-id=\"ec3cb79\" data-element_type=\"column\">\n\t\t\t<div class=\"elementor-widget-wrap elementor-element-populated\">\n\t\t\t\t\t\t\t\t<div class=\"elementor-element elementor-element-81f6d15 elementor-widget elementor-widget-image\" data-id=\"81f6d15\" data-element_type=\"widget\" data-widget_type=\"image.default\">\n\t\t\t\t<div class=\"elementor-widget-container\">\n\t\t\t\t\t\t\t\t\t\t\t\t\t\t\t<img loading=\"lazy\" decoding=\"async\" width=\"768\" height=\"576\" src=\"https:\/\/www.kchw.fr\/wp-content\/uploads\/2024\/03\/428600029_10228326201632643_3762586202306398446_n.jpg\" class=\"attachment-large size-large wp-image-1393\" alt=\"\" srcset=\"https:\/\/www.kchw.fr\/wp-content\/uploads\/2024\/03\/428600029_10228326201632643_3762586202306398446_n.jpg 768w, https:\/\/www.kchw.fr\/wp-content\/uploads\/2024\/03\/428600029_10228326201632643_3762586202306398446_n-300x225.jpg 300w\" sizes=\"auto, (max-width: 768px) 100vw, 768px\" \/>\t\t\t\t\t\t\t\t\t\t\t\t\t\t\t<\/div>\n\t\t\t\t<\/div>\n\t\t\t\t\t<\/div>\n\t\t<\/div>\n\t\t\t\t\t\t\t<\/div>\n\t\t<\/section>\n\t\t\t\t<section class=\"elementor-section elementor-top-section elementor-element elementor-element-78a3126 elementor-section-boxed elementor-section-height-default elementor-section-height-default\" data-id=\"78a3126\" data-element_type=\"section\">\n\t\t\t\t\t\t<div class=\"elementor-container elementor-column-gap-default\">\n\t\t\t\t\t<div class=\"elementor-column elementor-col-50 elementor-top-column elementor-element elementor-element-bcb2f5f\" data-id=\"bcb2f5f\" data-element_type=\"column\">\n\t\t\t<div class=\"elementor-widget-wrap elementor-element-populated\">\n\t\t\t\t\t\t\t\t<div class=\"elementor-element elementor-element-f08d3a4 elementor-widget elementor-widget-image\" data-id=\"f08d3a4\" data-element_type=\"widget\" data-widget_type=\"image.default\">\n\t\t\t\t<div class=\"elementor-widget-container\">\n\t\t\t\t\t\t\t\t\t\t\t\t\t\t\t<img loading=\"lazy\" decoding=\"async\" width=\"960\" height=\"720\" src=\"https:\/\/www.kchw.fr\/wp-content\/uploads\/2024\/03\/428475078_10228326200832623_3796625101526311692_n.jpg\" class=\"attachment-large size-large wp-image-1392\" alt=\"\" srcset=\"https:\/\/www.kchw.fr\/wp-content\/uploads\/2024\/03\/428475078_10228326200832623_3796625101526311692_n.jpg 960w, https:\/\/www.kchw.fr\/wp-content\/uploads\/2024\/03\/428475078_10228326200832623_3796625101526311692_n-300x225.jpg 300w, https:\/\/www.kchw.fr\/wp-content\/uploads\/2024\/03\/428475078_10228326200832623_3796625101526311692_n-768x576.jpg 768w\" sizes=\"auto, (max-width: 960px) 100vw, 960px\" \/>\t\t\t\t\t\t\t\t\t\t\t\t\t\t\t<\/div>\n\t\t\t\t<\/div>\n\t\t\t\t\t<\/div>\n\t\t<\/div>\n\t\t\t\t<div class=\"elementor-column elementor-col-50 elementor-top-column elementor-element elementor-element-c815f7a\" data-id=\"c815f7a\" data-element_type=\"column\">\n\t\t\t<div class=\"elementor-widget-wrap elementor-element-populated\">\n\t\t\t\t\t\t\t\t<div class=\"elementor-element elementor-element-509c7a7 elementor-widget elementor-widget-image\" data-id=\"509c7a7\" data-element_type=\"widget\" data-widget_type=\"image.default\">\n\t\t\t\t<div class=\"elementor-widget-container\">\n\t\t\t\t\t\t\t\t\t\t\t\t\t\t\t<img loading=\"lazy\" decoding=\"async\" width=\"394\" height=\"296\" src=\"https:\/\/www.kchw.fr\/wp-content\/uploads\/2024\/03\/424889028_10231415089031295_1604504446951745230_n.jpg\" class=\"attachment-large size-large wp-image-1394\" alt=\"\" srcset=\"https:\/\/www.kchw.fr\/wp-content\/uploads\/2024\/03\/424889028_10231415089031295_1604504446951745230_n.jpg 394w, https:\/\/www.kchw.fr\/wp-content\/uploads\/2024\/03\/424889028_10231415089031295_1604504446951745230_n-300x225.jpg 300w\" sizes=\"auto, (max-width: 394px) 100vw, 394px\" \/>\t\t\t\t\t\t\t\t\t\t\t\t\t\t\t<\/div>\n\t\t\t\t<\/div>\n\t\t\t\t\t<\/div>\n\t\t<\/div>\n\t\t\t\t\t\t\t<\/div>\n\t\t<\/section>\n\t\t\t\t\t\t\t<\/div>\n\t\t","protected":false},"excerpt":{"rendered":"<p>CANEHAN CARBONNEL Maxence 1er en D1 pupilleMORELLO Chiara 2\u00e8me poussineMASSELIER Jean 2\u00e8me poussinSERY Cl\u00e9ment 2\u00e8me D2 minimeBAUMANN Hana\u00e9 3\u00e8me D2Merci aux coachs : Adela Floricel C\u00e9line Carbonnel Ariane PindevilleDe beaux progr\u00e8s gr\u00e2ce \u00e0 un investissement et un travail r\u00e9gulier, BRAVO \u00e0 vous et \u00e0 toute l&rsquo;\u00e9quipe du KCHW<\/p>\n","protected":false},"author":1,"featured_media":1396,"comment_status":"closed","ping_status":"open","sticky":false,"template":"","format":"standard","meta":{"site-sidebar-layout":"default","site-content-layout":"default","ast-global-header-display":"","ast-main-header-display":"","ast-hfb-above-header-display":"","ast-hfb-below-header-display":"","ast-hfb-mobile-header-display":"","site-post-title":"","ast-breadcrumbs-content":"","ast-featured-img":"","footer-sml-layout":"","theme-transparent-header-meta":"","adv-header-id-meta":"","stick-header-meta":"","header-above-stick-meta":"","header-main-stick-meta":"","header-below-stick-meta":"","footnotes":""},"categories":[1],"tags":[],"class_list":["post-1390","post","type-post","status-publish","format-standard","has-post-thumbnail","hentry","category-uncategorized"],"yoast_head":"<!-- This site is optimized with the Yoast SEO plugin v20.7 - https:\/\/yoast.com\/wordpress\/plugins\/seo\/ -->\n<title>Coupe et championnat Grand-Est Kumit\u00e9 18\/01\/2024 - Club de karat\u00e9 Horbourg-Wihr, Colmar<\/title>\n<meta name=\"robots\" content=\"index, follow, max-snippet:-1, max-image-preview:large, max-video-preview:-1\" \/>\n<link rel=\"canonical\" href=\"https:\/\/www.kchw.fr\/?p=1390\" \/>\n<meta property=\"og:locale\" content=\"fr_FR\" \/>\n<meta property=\"og:type\" content=\"article\" \/>\n<meta property=\"og:title\" content=\"Coupe et championnat Grand-Est Kumit\u00e9 18\/01\/2024 - Club de karat\u00e9 Horbourg-Wihr, Colmar\" \/>\n<meta property=\"og:description\" content=\"CANEHAN CARBONNEL Maxence 1er en D1 pupilleMORELLO Chiara 2\u00e8me poussineMASSELIER Jean 2\u00e8me poussinSERY Cl\u00e9ment 2\u00e8me D2 minimeBAUMANN Hana\u00e9 3\u00e8me D2Merci aux coachs : Adela Floricel C\u00e9line Carbonnel Ariane PindevilleDe beaux progr\u00e8s gr\u00e2ce \u00e0 un investissement et un travail r\u00e9gulier, BRAVO \u00e0 vous et \u00e0 toute l&rsquo;\u00e9quipe du KCHW\" \/>\n<meta property=\"og:url\" content=\"https:\/\/www.kchw.fr\/?p=1390\" \/>\n<meta property=\"og:site_name\" content=\"Club de karat\u00e9 Horbourg-Wihr, Colmar\" \/>\n<meta property=\"article:published_time\" content=\"2024-03-08T15:21:38+00:00\" \/>\n<meta property=\"article:modified_time\" content=\"2024-03-08T15:25:39+00:00\" \/>\n<meta property=\"og:image\" content=\"https:\/\/www.kchw.fr\/wp-content\/uploads\/2024\/03\/428598623_10228326200872624_6020242573754942601_n.jpg\" \/>\n\t<meta property=\"og:image:width\" content=\"960\" \/>\n\t<meta property=\"og:image:height\" content=\"720\" \/>\n\t<meta property=\"og:image:type\" content=\"image\/jpeg\" \/>\n<meta name=\"author\" content=\"Administrateur\" \/>\n<meta name=\"twitter:card\" content=\"summary_large_image\" \/>\n<meta name=\"twitter:label1\" content=\"\u00c9crit par\" \/>\n\t<meta name=\"twitter:data1\" content=\"Administrateur\" \/>\n\t<meta name=\"twitter:label2\" content=\"Dur\u00e9e de lecture estim\u00e9e\" \/>\n\t<meta name=\"twitter:data2\" content=\"2 minutes\" \/>\n<script type=\"application\/ld+json\" class=\"yoast-schema-graph\">{\"@context\":\"https:\/\/schema.org\",\"@graph\":[{\"@type\":\"Article\",\"@id\":\"https:\/\/www.kchw.fr\/?p=1390#article\",\"isPartOf\":{\"@id\":\"https:\/\/www.kchw.fr\/?p=1390\"},\"author\":{\"name\":\"Administrateur\",\"@id\":\"https:\/\/www.kchw.fr\/#\/schema\/person\/5faceb15121705d2e83929d11be0b2aa\"},\"headline\":\"Coupe et championnat Grand-Est Kumit\u00e9 18\/01\/2024\",\"datePublished\":\"2024-03-08T15:21:38+00:00\",\"dateModified\":\"2024-03-08T15:25:39+00:00\",\"mainEntityOfPage\":{\"@id\":\"https:\/\/www.kchw.fr\/?p=1390\"},\"wordCount\":56,\"publisher\":{\"@id\":\"https:\/\/www.kchw.fr\/#organization\"},\"articleSection\":[\"Actualit\u00e9s\"],\"inLanguage\":\"fr-FR\"},{\"@type\":\"WebPage\",\"@id\":\"https:\/\/www.kchw.fr\/?p=1390\",\"url\":\"https:\/\/www.kchw.fr\/?p=1390\",\"name\":\"Coupe et championnat Grand-Est Kumit\u00e9 18\/01\/2024 - Club de karat\u00e9 Horbourg-Wihr, Colmar\",\"isPartOf\":{\"@id\":\"https:\/\/www.kchw.fr\/#website\"},\"datePublished\":\"2024-03-08T15:21:38+00:00\",\"dateModified\":\"2024-03-08T15:25:39+00:00\",\"breadcrumb\":{\"@id\":\"https:\/\/www.kchw.fr\/?p=1390#breadcrumb\"},\"inLanguage\":\"fr-FR\",\"potentialAction\":[{\"@type\":\"ReadAction\",\"target\":[\"https:\/\/www.kchw.fr\/?p=1390\"]}]},{\"@type\":\"BreadcrumbList\",\"@id\":\"https:\/\/www.kchw.fr\/?p=1390#breadcrumb\",\"itemListElement\":[{\"@type\":\"ListItem\",\"position\":1,\"name\":\"Accueil\",\"item\":\"https:\/\/www.kchw.fr\/\"},{\"@type\":\"ListItem\",\"position\":2,\"name\":\"Coupe et championnat Grand-Est Kumit\u00e9 18\/01\/2024\"}]},{\"@type\":\"WebSite\",\"@id\":\"https:\/\/www.kchw.fr\/#website\",\"url\":\"https:\/\/www.kchw.fr\/\",\"name\":\"Club de karat\u00e9 Horbourg-Wihr, Colmar\",\"description\":\"Club de karat\u00e9  Horbourg-Wihr, Colmar\",\"publisher\":{\"@id\":\"https:\/\/www.kchw.fr\/#organization\"},\"potentialAction\":[{\"@type\":\"SearchAction\",\"target\":{\"@type\":\"EntryPoint\",\"urlTemplate\":\"https:\/\/www.kchw.fr\/?s={search_term_string}\"},\"query-input\":\"required name=search_term_string\"}],\"inLanguage\":\"fr-FR\"},{\"@type\":\"Organization\",\"@id\":\"https:\/\/www.kchw.fr\/#organization\",\"name\":\"Club de karat\u00e9 Horbourg-Wihr, Colmar\",\"url\":\"https:\/\/www.kchw.fr\/\",\"logo\":{\"@type\":\"ImageObject\",\"inLanguage\":\"fr-FR\",\"@id\":\"https:\/\/www.kchw.fr\/#\/schema\/logo\/image\/\",\"url\":\"https:\/\/www.kchw.fr\/wp-content\/uploads\/2023\/05\/logo.png\",\"contentUrl\":\"https:\/\/www.kchw.fr\/wp-content\/uploads\/2023\/05\/logo.png\",\"width\":156,\"height\":40,\"caption\":\"Club de karat\u00e9  Horbourg-Wihr, Colmar\"},\"image\":{\"@id\":\"https:\/\/www.kchw.fr\/#\/schema\/logo\/image\/\"}},{\"@type\":\"Person\",\"@id\":\"https:\/\/www.kchw.fr\/#\/schema\/person\/5faceb15121705d2e83929d11be0b2aa\",\"name\":\"Administrateur\",\"image\":{\"@type\":\"ImageObject\",\"inLanguage\":\"fr-FR\",\"@id\":\"https:\/\/www.kchw.fr\/#\/schema\/person\/image\/\",\"url\":\"https:\/\/secure.gravatar.com\/avatar\/61753ec7550ec89ac6ba3623bb2bc92ce968f687cdcb62e3906f6309234ca786?s=96&d=mm&r=g\",\"contentUrl\":\"https:\/\/secure.gravatar.com\/avatar\/61753ec7550ec89ac6ba3623bb2bc92ce968f687cdcb62e3906f6309234ca786?s=96&d=mm&r=g\",\"caption\":\"Administrateur\"},\"sameAs\":[\"https:\/\/www.kchw.fr\"],\"url\":\"https:\/\/www.kchw.fr\/?author=1\"}]}<\/script>\n<!-- \/ Yoast SEO plugin. -->","yoast_head_json":{"title":"Coupe et championnat Grand-Est Kumit\u00e9 18\/01\/2024 - Club de karat\u00e9 Horbourg-Wihr, Colmar","robots":{"index":"index","follow":"follow","max-snippet":"max-snippet:-1","max-image-preview":"max-image-preview:large","max-video-preview":"max-video-preview:-1"},"canonical":"https:\/\/www.kchw.fr\/?p=1390","og_locale":"fr_FR","og_type":"article","og_title":"Coupe et championnat Grand-Est Kumit\u00e9 18\/01\/2024 - Club de karat\u00e9 Horbourg-Wihr, Colmar","og_description":"CANEHAN CARBONNEL Maxence 1er en D1 pupilleMORELLO Chiara 2\u00e8me poussineMASSELIER Jean 2\u00e8me poussinSERY Cl\u00e9ment 2\u00e8me D2 minimeBAUMANN Hana\u00e9 3\u00e8me D2Merci aux coachs : Adela Floricel C\u00e9line Carbonnel Ariane PindevilleDe beaux progr\u00e8s gr\u00e2ce \u00e0 un investissement et un travail r\u00e9gulier, BRAVO \u00e0 vous et \u00e0 toute l&rsquo;\u00e9quipe du KCHW","og_url":"https:\/\/www.kchw.fr\/?p=1390","og_site_name":"Club de karat\u00e9 Horbourg-Wihr, Colmar","article_published_time":"2024-03-08T15:21:38+00:00","article_modified_time":"2024-03-08T15:25:39+00:00","og_image":[{"width":960,"height":720,"url":"https:\/\/www.kchw.fr\/wp-content\/uploads\/2024\/03\/428598623_10228326200872624_6020242573754942601_n.jpg","type":"image\/jpeg"}],"author":"Administrateur","twitter_card":"summary_large_image","twitter_misc":{"\u00c9crit par":"Administrateur","Dur\u00e9e de lecture estim\u00e9e":"2 minutes"},"schema":{"@context":"https:\/\/schema.org","@graph":[{"@type":"Article","@id":"https:\/\/www.kchw.fr\/?p=1390#article","isPartOf":{"@id":"https:\/\/www.kchw.fr\/?p=1390"},"author":{"name":"Administrateur","@id":"https:\/\/www.kchw.fr\/#\/schema\/person\/5faceb15121705d2e83929d11be0b2aa"},"headline":"Coupe et championnat Grand-Est Kumit\u00e9 18\/01\/2024","datePublished":"2024-03-08T15:21:38+00:00","dateModified":"2024-03-08T15:25:39+00:00","mainEntityOfPage":{"@id":"https:\/\/www.kchw.fr\/?p=1390"},"wordCount":56,"publisher":{"@id":"https:\/\/www.kchw.fr\/#organization"},"articleSection":["Actualit\u00e9s"],"inLanguage":"fr-FR"},{"@type":"WebPage","@id":"https:\/\/www.kchw.fr\/?p=1390","url":"https:\/\/www.kchw.fr\/?p=1390","name":"Coupe et championnat Grand-Est Kumit\u00e9 18\/01\/2024 - Club de karat\u00e9 Horbourg-Wihr, Colmar","isPartOf":{"@id":"https:\/\/www.kchw.fr\/#website"},"datePublished":"2024-03-08T15:21:38+00:00","dateModified":"2024-03-08T15:25:39+00:00","breadcrumb":{"@id":"https:\/\/www.kchw.fr\/?p=1390#breadcrumb"},"inLanguage":"fr-FR","potentialAction":[{"@type":"ReadAction","target":["https:\/\/www.kchw.fr\/?p=1390"]}]},{"@type":"BreadcrumbList","@id":"https:\/\/www.kchw.fr\/?p=1390#breadcrumb","itemListElement":[{"@type":"ListItem","position":1,"name":"Accueil","item":"https:\/\/www.kchw.fr\/"},{"@type":"ListItem","position":2,"name":"Coupe et championnat Grand-Est Kumit\u00e9 18\/01\/2024"}]},{"@type":"WebSite","@id":"https:\/\/www.kchw.fr\/#website","url":"https:\/\/www.kchw.fr\/","name":"Club de karat\u00e9 Horbourg-Wihr, Colmar","description":"Club de karat\u00e9  Horbourg-Wihr, Colmar","publisher":{"@id":"https:\/\/www.kchw.fr\/#organization"},"potentialAction":[{"@type":"SearchAction","target":{"@type":"EntryPoint","urlTemplate":"https:\/\/www.kchw.fr\/?s={search_term_string}"},"query-input":"required name=search_term_string"}],"inLanguage":"fr-FR"},{"@type":"Organization","@id":"https:\/\/www.kchw.fr\/#organization","name":"Club de karat\u00e9 Horbourg-Wihr, Colmar","url":"https:\/\/www.kchw.fr\/","logo":{"@type":"ImageObject","inLanguage":"fr-FR","@id":"https:\/\/www.kchw.fr\/#\/schema\/logo\/image\/","url":"https:\/\/www.kchw.fr\/wp-content\/uploads\/2023\/05\/logo.png","contentUrl":"https:\/\/www.kchw.fr\/wp-content\/uploads\/2023\/05\/logo.png","width":156,"height":40,"caption":"Club de karat\u00e9  Horbourg-Wihr, Colmar"},"image":{"@id":"https:\/\/www.kchw.fr\/#\/schema\/logo\/image\/"}},{"@type":"Person","@id":"https:\/\/www.kchw.fr\/#\/schema\/person\/5faceb15121705d2e83929d11be0b2aa","name":"Administrateur","image":{"@type":"ImageObject","inLanguage":"fr-FR","@id":"https:\/\/www.kchw.fr\/#\/schema\/person\/image\/","url":"https:\/\/secure.gravatar.com\/avatar\/61753ec7550ec89ac6ba3623bb2bc92ce968f687cdcb62e3906f6309234ca786?s=96&d=mm&r=g","contentUrl":"https:\/\/secure.gravatar.com\/avatar\/61753ec7550ec89ac6ba3623bb2bc92ce968f687cdcb62e3906f6309234ca786?s=96&d=mm&r=g","caption":"Administrateur"},"sameAs":["https:\/\/www.kchw.fr"],"url":"https:\/\/www.kchw.fr\/?author=1"}]}},"_links":{"self":[{"href":"https:\/\/www.kchw.fr\/index.php?rest_route=\/wp\/v2\/posts\/1390","targetHints":{"allow":["GET"]}}],"collection":[{"href":"https:\/\/www.kchw.fr\/index.php?rest_route=\/wp\/v2\/posts"}],"about":[{"href":"https:\/\/www.kchw.fr\/index.php?rest_route=\/wp\/v2\/types\/post"}],"author":[{"embeddable":true,"href":"https:\/\/www.kchw.fr\/index.php?rest_route=\/wp\/v2\/users\/1"}],"replies":[{"embeddable":true,"href":"https:\/\/www.kchw.fr\/index.php?rest_route=%2Fwp%2Fv2%2Fcomments&post=1390"}],"version-history":[{"count":7,"href":"https:\/\/www.kchw.fr\/index.php?rest_route=\/wp\/v2\/posts\/1390\/revisions"}],"predecessor-version":[{"id":1402,"href":"https:\/\/www.kchw.fr\/index.php?rest_route=\/wp\/v2\/posts\/1390\/revisions\/1402"}],"wp:featuredmedia":[{"embeddable":true,"href":"https:\/\/www.kchw.fr\/index.php?rest_route=\/wp\/v2\/media\/1396"}],"wp:attachment":[{"href":"https:\/\/www.kchw.fr\/index.php?rest_route=%2Fwp%2Fv2%2Fmedia&parent=1390"}],"wp:term":[{"taxonomy":"category","embeddable":true,"href":"https:\/\/www.kchw.fr\/index.php?rest_route=%2Fwp%2Fv2%2Fcategories&post=1390"},{"taxonomy":"post_tag","embeddable":true,"href":"https:\/\/www.kchw.fr\/index.php?rest_route=%2Fwp%2Fv2%2Ftags&post=1390"}],"curies":[{"name":"wp","href":"https:\/\/api.w.org\/{rel}","templated":true}]}}