{"id":1316,"date":"2023-11-08T15:07:40","date_gmt":"2023-11-08T15:07:40","guid":{"rendered":"https:\/\/www.kchw.fr\/?p=1316"},"modified":"2023-12-28T15:33:32","modified_gmt":"2023-12-28T15:33:32","slug":"championnat-du-haut-rhin-05-11-2023","status":"publish","type":"post","link":"https:\/\/www.kchw.fr\/?p=1316","title":{"rendered":"Championnat \/ Open du Haut-Rhin kata du 05\/11\/2023"},"content":{"rendered":"\t\t<div data-elementor-type=\"wp-post\" data-elementor-id=\"1316\" class=\"elementor elementor-1316\">\n\t\t\t\t\t\t\t\t\t<section class=\"elementor-section elementor-top-section elementor-element elementor-element-c8dd2b5 elementor-section-boxed elementor-section-height-default elementor-section-height-default\" data-id=\"c8dd2b5\" data-element_type=\"section\">\n\t\t\t\t\t\t<div class=\"elementor-container elementor-column-gap-default\">\n\t\t\t\t\t<div class=\"elementor-column elementor-col-50 elementor-top-column elementor-element elementor-element-35b0b6b\" data-id=\"35b0b6b\" data-element_type=\"column\">\n\t\t\t<div class=\"elementor-widget-wrap elementor-element-populated\">\n\t\t\t\t\t\t\t\t<div class=\"elementor-element elementor-element-ba9bc47 elementor-widget elementor-widget-image\" data-id=\"ba9bc47\" data-element_type=\"widget\" data-widget_type=\"image.default\">\n\t\t\t\t<div class=\"elementor-widget-container\">\n\t\t\t<style>\/*! elementor - v3.13.2 - 11-05-2023 *\/\n.elementor-widget-image{text-align:center}.elementor-widget-image a{display:inline-block}.elementor-widget-image a img[src$=\".svg\"]{width:48px}.elementor-widget-image img{vertical-align:middle;display:inline-block}<\/style>\t\t\t\t\t\t\t\t\t\t\t\t<img loading=\"lazy\" decoding=\"async\" width=\"1024\" height=\"683\" src=\"https:\/\/www.kchw.fr\/wp-content\/uploads\/2023\/11\/HR_051123-1024x683.jpg\" class=\"attachment-large size-large wp-image-1315\" alt=\"\" srcset=\"https:\/\/www.kchw.fr\/wp-content\/uploads\/2023\/11\/HR_051123-1024x683.jpg 1024w, https:\/\/www.kchw.fr\/wp-content\/uploads\/2023\/11\/HR_051123-300x200.jpg 300w, https:\/\/www.kchw.fr\/wp-content\/uploads\/2023\/11\/HR_051123-768x512.jpg 768w, https:\/\/www.kchw.fr\/wp-content\/uploads\/2023\/11\/HR_051123-1536x1024.jpg 1536w, https:\/\/www.kchw.fr\/wp-content\/uploads\/2023\/11\/HR_051123.jpg 2048w\" sizes=\"auto, (max-width: 1024px) 100vw, 1024px\" \/>\t\t\t\t\t\t\t\t\t\t\t\t\t\t\t<\/div>\n\t\t\t\t<\/div>\n\t\t\t\t\t<\/div>\n\t\t<\/div>\n\t\t\t\t<div class=\"elementor-column elementor-col-50 elementor-top-column elementor-element elementor-element-8d11fa0\" data-id=\"8d11fa0\" data-element_type=\"column\">\n\t\t\t<div class=\"elementor-widget-wrap elementor-element-populated\">\n\t\t\t\t\t\t\t\t<div class=\"elementor-element elementor-element-8b4c4c1 elementor-widget elementor-widget-text-editor\" data-id=\"8b4c4c1\" data-element_type=\"widget\" data-widget_type=\"text-editor.default\">\n\t\t\t\t<div class=\"elementor-widget-container\">\n\t\t\t<style>\/*! elementor - v3.13.2 - 11-05-2023 *\/\n.elementor-widget-text-editor.elementor-drop-cap-view-stacked .elementor-drop-cap{background-color:#69727d;color:#fff}.elementor-widget-text-editor.elementor-drop-cap-view-framed .elementor-drop-cap{color:#69727d;border:3px solid;background-color:transparent}.elementor-widget-text-editor:not(.elementor-drop-cap-view-default) .elementor-drop-cap{margin-top:8px}.elementor-widget-text-editor:not(.elementor-drop-cap-view-default) .elementor-drop-cap-letter{width:1em;height:1em}.elementor-widget-text-editor .elementor-drop-cap{float:left;text-align:center;line-height:1;font-size:50px}.elementor-widget-text-editor .elementor-drop-cap-letter{display:inline-block}<\/style>\t\t\t\t<div class=\"x1e56ztr\"><strong><span class=\"x193iq5w xeuugli x13faqbe x1vvkbs x10flsy6 x6prxxf xvq8zen xo1l8bm xzsf02u\">Open et championnat du Haut-Rhin kata<\/span><\/strong><\/div><div class=\"x1e56ztr\"><span class=\"x193iq5w xeuugli x13faqbe x1vvkbs x10flsy6 x6prxxf xvq8zen xo1l8bm xzsf02u\">Un travail d\u2019\u00e9quipe merci aux professeurs, supporteurs, parents, amis et surtout merci aux comp\u00e9titeurs pour ce bel \u00e9tat d\u2019esprit, pour leur motivation et leur investissement.<\/span><\/div><div class=\"x1e56ztr\"><span class=\"x193iq5w xeuugli x13faqbe x1vvkbs x10flsy6 x6prxxf xvq8zen xo1l8bm xzsf02u\">KCHW en t\u00eate des titres lors de cette comp\u00e9tition avec 9 titres sur les 13 possible !<\/span><\/div>\t\t\t\t\t\t<\/div>\n\t\t\t\t<\/div>\n\t\t\t\t\t<\/div>\n\t\t<\/div>\n\t\t\t\t\t\t\t<\/div>\n\t\t<\/section>\n\t\t\t\t<section class=\"elementor-section elementor-top-section elementor-element elementor-element-8f7900f elementor-section-boxed elementor-section-height-default elementor-section-height-default\" data-id=\"8f7900f\" data-element_type=\"section\">\n\t\t\t\t\t\t<div class=\"elementor-container elementor-column-gap-default\">\n\t\t\t\t\t<div class=\"elementor-column elementor-col-100 elementor-top-column elementor-element elementor-element-b1662a6\" data-id=\"b1662a6\" data-element_type=\"column\">\n\t\t\t<div class=\"elementor-widget-wrap elementor-element-populated\">\n\t\t\t\t\t\t\t\t<div class=\"elementor-element elementor-element-7e814bd elementor-widget elementor-widget-text-editor\" data-id=\"7e814bd\" data-element_type=\"widget\" data-widget_type=\"text-editor.default\">\n\t\t\t\t<div class=\"elementor-widget-container\">\n\t\t\t\t\t\t\t<div class=\"x1e56ztr\"><span class=\"x193iq5w xeuugli x13faqbe x1vvkbs x10flsy6 x6prxxf xvq8zen xo1l8bm xzsf02u\"><b>Cat\u00e9gorie pupille f\u00e9minine:<\/b><\/span><\/div>\n<div class=\"x1e56ztr\"><span class=\"x193iq5w xeuugli x13faqbe x1vvkbs x10flsy6 x6prxxf xvq8zen xo1l8bm xzsf02u\">BAUMANN Lynna 1\u00e8re<\/span><\/div>\n<div class=\"x1e56ztr\"><span class=\"x193iq5w xeuugli x13faqbe x1vvkbs x10flsy6 x6prxxf xvq8zen xo1l8bm xzsf02u\">BAUMANN Hana\u00e9 2\u00e8me<\/span><\/div>\n<div class=\"x1e56ztr\"><span class=\"x193iq5w xeuugli x13faqbe x1vvkbs x10flsy6 x6prxxf xvq8zen xo1l8bm xzsf02u\">CORRADO Roxane 3\u00e8me<\/span><\/div>\n<div class=\"x1e56ztr\"><span class=\"x193iq5w xeuugli x13faqbe x1vvkbs x10flsy6 x6prxxf xvq8zen xo1l8bm xzsf02u\"><b>Cat\u00e9gorie pupille masculin:<\/b><\/span><\/div>\n<div class=\"x1e56ztr\"><span class=\"x193iq5w xeuugli x13faqbe x1vvkbs x10flsy6 x6prxxf xvq8zen xo1l8bm xzsf02u\">CARBONNEL Maxence 1er<\/span><\/div>\n<div class=\"x1e56ztr\"><span class=\"x193iq5w xeuugli x13faqbe x1vvkbs x10flsy6 x6prxxf xvq8zen xo1l8bm xzsf02u\">MEYER Jorick 2\u00e8me<\/span><\/div>\n<div class=\"x1e56ztr\"><span class=\"x193iq5w xeuugli x13faqbe x1vvkbs x10flsy6 x6prxxf xvq8zen xo1l8bm xzsf02u\"><b>Cat\u00e9gorie benjamine :<\/b><\/span><\/div>\n<div class=\"x1e56ztr\"><span class=\"x193iq5w xeuugli x13faqbe x1vvkbs x10flsy6 x6prxxf xvq8zen xo1l8bm xzsf02u\">CADOT HAMRAOUI Raphaelle 1\u00e8re<\/span><\/div>\n<div class=\"x1e56ztr\"><span class=\"x193iq5w xeuugli x13faqbe x1vvkbs x10flsy6 x6prxxf xvq8zen xo1l8bm xzsf02u\"><b>Cat\u00e9gorie benjamin :<\/b><\/span><\/div>\n<div class=\"x1e56ztr\"><span class=\"x193iq5w xeuugli x13faqbe x1vvkbs x10flsy6 x6prxxf xvq8zen xo1l8bm xzsf02u\">BRETON Alexis 1er<\/span><\/div>\n<div class=\"x1e56ztr\"><span class=\"x193iq5w xeuugli x13faqbe x1vvkbs x10flsy6 x6prxxf xvq8zen xo1l8bm xzsf02u\"><b>Cat\u00e9gorie minime masculin :<\/b><\/span><\/div>\n<div class=\"x1e56ztr\"><span class=\"x193iq5w xeuugli x13faqbe x1vvkbs x10flsy6 x6prxxf xvq8zen xo1l8bm xzsf02u\">HAGUENAUER Mah\u00e9 1er<\/span><\/div>\n<div class=\"x1e56ztr\"><span class=\"x193iq5w xeuugli x13faqbe x1vvkbs x10flsy6 x6prxxf xvq8zen xo1l8bm xzsf02u\"><b>Cat\u00e9gorie minime f\u00e9minine :<\/b><\/span><\/div>\n<div class=\"x1e56ztr\"><span class=\"x193iq5w xeuugli x13faqbe x1vvkbs x10flsy6 x6prxxf xvq8zen xo1l8bm xzsf02u\">CADOT HAMRAOUI Charlie 1\u00e8re<\/span><\/div>\n<div class=\"x1e56ztr\"><span class=\"x193iq5w xeuugli x13faqbe x1vvkbs x10flsy6 x6prxxf xvq8zen xo1l8bm xzsf02u\">RIEFFEL L\u00e9ane 2\u00e8me<\/span><\/div>\n<div class=\"x1e56ztr\"><span class=\"x193iq5w xeuugli x13faqbe x1vvkbs x10flsy6 x6prxxf xvq8zen xo1l8bm xzsf02u\"><b>Cat\u00e9gorie cadet f\u00e9minine :<\/b><\/span><\/div>\n<div class=\"x1e56ztr\"><span class=\"x193iq5w xeuugli x13faqbe x1vvkbs x10flsy6 x6prxxf xvq8zen xo1l8bm xzsf02u\">GRUNENBERGER Lauriane 1\u00e8re<\/span><\/div>\n<div class=\"x1e56ztr\"><span class=\"x193iq5w xeuugli x13faqbe x1vvkbs x10flsy6 x6prxxf xvq8zen xo1l8bm xzsf02u\">BULUT Beyza 3\u00e8me<\/span><\/div>\n<div class=\"x1e56ztr\"><span class=\"x193iq5w xeuugli x13faqbe x1vvkbs x10flsy6 x6prxxf xvq8zen xo1l8bm xzsf02u\"><b>Cat\u00e9gorie cadet masculin :<\/b><\/span><\/div>\n<div class=\"x1e56ztr\"><span class=\"x193iq5w xeuugli x13faqbe x1vvkbs x10flsy6 x6prxxf xvq8zen xo1l8bm xzsf02u\">LECLERC Samuel 1er<\/span><\/div>\n<div class=\"x1e56ztr\"><span class=\"x193iq5w xeuugli x13faqbe x1vvkbs x10flsy6 x6prxxf xvq8zen xo1l8bm xzsf02u\">HAGUENAUER Mah\u00e9 3\u00e8me<\/span><\/div>\n<div class=\"x1e56ztr\"><span class=\"x193iq5w xeuugli x13faqbe x1vvkbs x10flsy6 x6prxxf xvq8zen xo1l8bm xzsf02u\"><b>Cat\u00e9gorie junior f\u00e9minine<\/b><\/span><\/div>\n<div class=\"x1e56ztr\"><span class=\"x193iq5w xeuugli x13faqbe x1vvkbs x10flsy6 x6prxxf xvq8zen xo1l8bm xzsf02u\">GRUNENBERGER Lauriane 2\u00e8me<\/span><\/div>\n<div class=\"x1e56ztr\"><span class=\"x193iq5w xeuugli x13faqbe x1vvkbs x10flsy6 x6prxxf xvq8zen xo1l8bm xzsf02u\">BULUT Beyza 3\u00e8me<\/span><\/div>\n<div class=\"x1e56ztr\"><span class=\"x193iq5w xeuugli x13faqbe x1vvkbs x10flsy6 x6prxxf xvq8zen xo1l8bm xzsf02u\"><b>Cat\u00e9gorie s\u00e9nior f\u00e9minine<\/b><\/span><\/div>\n<div class=\"x1e56ztr\"><span class=\"x193iq5w xeuugli x13faqbe x1vvkbs x10flsy6 x6prxxf xvq8zen xo1l8bm xzsf02u\">NIEDERBERGER Juliette 1\u00e8re<\/span><\/div>\n<div class=\"x1e56ztr\"><span class=\"x193iq5w xeuugli x13faqbe x1vvkbs x10flsy6 x6prxxf xvq8zen xo1l8bm xzsf02u\">SCHMITGEN Emilie 2\u00e8me<\/span><\/div>\n<div class=\"x1e56ztr\"><span class=\"x193iq5w xeuugli x13faqbe x1vvkbs x10flsy6 x6prxxf xvq8zen xo1l8bm xzsf02u\">Note sp\u00e9ciale \u00e0 Bastien qui a relev\u00e9 son d\u00e9fi personnel en s\u2019entrainant et participant \u00e0 sa 1\u00e8re comp\u00e9tition \u00e0 42 ans !! d\u00e9fis r\u00e9ussit BRAVO et go pour la suite<\/span><\/div>\n<div class=\"x1e56ztr\"><span class=\"x193iq5w xeuugli x13faqbe x1vvkbs x10flsy6 x6prxxf xvq8zen xo1l8bm xzsf02u\"><b>Cat\u00e9gorie senior masculin<\/b><\/span><\/div>\n<div class=\"x1e56ztr\"><span class=\"x193iq5w xeuugli x13faqbe x1vvkbs x10flsy6 x6prxxf xvq8zen xo1l8bm xzsf02u\">BRETON Bastien 3\u00e8me<\/span><\/div>\n<div class=\"x1e56ztr\"><span class=\"x193iq5w xeuugli x13faqbe x1vvkbs x10flsy6 x6prxxf xvq8zen xo1l8bm xzsf02u\"><b>Cat\u00e9gorie v\u00e9t\u00e9ran masculin<\/b><\/span><\/div>\n<div class=\"x1e56ztr\"><span class=\"x193iq5w xeuugli x13faqbe x1vvkbs x10flsy6 x6prxxf xvq8zen xo1l8bm xzsf02u\">BRETON Bastien 2\u00e8me<\/span><\/div>\t\t\t\t\t\t<\/div>\n\t\t\t\t<\/div>\n\t\t\t\t\t<\/div>\n\t\t<\/div>\n\t\t\t\t\t\t\t<\/div>\n\t\t<\/section>\n\t\t\t\t<section class=\"elementor-section elementor-top-section elementor-element elementor-element-2dcf643 elementor-section-boxed elementor-section-height-default elementor-section-height-default\" data-id=\"2dcf643\" data-element_type=\"section\">\n\t\t\t\t\t\t<div class=\"elementor-container elementor-column-gap-default\">\n\t\t\t\t\t<div class=\"elementor-column elementor-col-100 elementor-top-column elementor-element elementor-element-bf51c26\" data-id=\"bf51c26\" data-element_type=\"column\">\n\t\t\t<div class=\"elementor-widget-wrap elementor-element-populated\">\n\t\t\t\t\t\t\t\t<div class=\"elementor-element elementor-element-8a3cd58 elementor-widget elementor-widget-image\" data-id=\"8a3cd58\" data-element_type=\"widget\" data-widget_type=\"image.default\">\n\t\t\t\t<div class=\"elementor-widget-container\">\n\t\t\t\t\t\t\t\t\t\t\t\t\t\t\t<img loading=\"lazy\" decoding=\"async\" width=\"436\" height=\"1024\" src=\"https:\/\/www.kchw.fr\/wp-content\/uploads\/2023\/11\/DNA_281223-436x1024.png\" class=\"attachment-large size-large wp-image-1355\" alt=\"\" srcset=\"https:\/\/www.kchw.fr\/wp-content\/uploads\/2023\/11\/DNA_281223-436x1024.png 436w, https:\/\/www.kchw.fr\/wp-content\/uploads\/2023\/11\/DNA_281223-128x300.png 128w, https:\/\/www.kchw.fr\/wp-content\/uploads\/2023\/11\/DNA_281223-768x1804.png 768w, https:\/\/www.kchw.fr\/wp-content\/uploads\/2023\/11\/DNA_281223-654x1536.png 654w, https:\/\/www.kchw.fr\/wp-content\/uploads\/2023\/11\/DNA_281223.png 792w\" sizes=\"auto, (max-width: 436px) 100vw, 436px\" \/>\t\t\t\t\t\t\t\t\t\t\t\t\t\t\t<\/div>\n\t\t\t\t<\/div>\n\t\t\t\t\t<\/div>\n\t\t<\/div>\n\t\t\t\t\t\t\t<\/div>\n\t\t<\/section>\n\t\t\t\t\t\t\t<\/div>\n\t\t","protected":false},"excerpt":{"rendered":"<p>Open et championnat du Haut-Rhin kataUn travail d\u2019\u00e9quipe merci aux professeurs, supporteurs, parents, amis et surtout merci aux comp\u00e9titeurs pour ce bel \u00e9tat d\u2019esprit, pour leur motivation et leur investissement.KCHW en t\u00eate des titres lors de cette comp\u00e9tition avec 9 titres sur les 13 possible !Cat\u00e9gorie pupille f\u00e9minine: BAUMANN Lynna 1\u00e8re BAUMANN Hana\u00e9 2\u00e8me CORRADO &hellip;<\/p>\n<p class=\"read-more\"> <a class=\"\" href=\"https:\/\/www.kchw.fr\/?p=1316\"> <span class=\"screen-reader-text\">Championnat \/ Open du Haut-Rhin kata du 05\/11\/2023<\/span> Lire la suite\u00a0\u00bb<\/a><\/p>\n","protected":false},"author":1,"featured_media":1315,"comment_status":"open","ping_status":"open","sticky":false,"template":"","format":"standard","meta":{"site-sidebar-layout":"default","site-content-layout":"default","ast-global-header-display":"","ast-main-header-display":"","ast-hfb-above-header-display":"","ast-hfb-below-header-display":"","ast-hfb-mobile-header-display":"","site-post-title":"","ast-breadcrumbs-content":"","ast-featured-img":"","footer-sml-layout":"","theme-transparent-header-meta":"","adv-header-id-meta":"","stick-header-meta":"","header-above-stick-meta":"","header-main-stick-meta":"","header-below-stick-meta":"","footnotes":""},"categories":[1],"tags":[],"class_list":["post-1316","post","type-post","status-publish","format-standard","has-post-thumbnail","hentry","category-uncategorized"],"yoast_head":"<!-- This site is optimized with the Yoast SEO plugin v20.7 - https:\/\/yoast.com\/wordpress\/plugins\/seo\/ -->\n<title>Championnat \/ Open du Haut-Rhin kata du 05\/11\/2023 - Club de karat\u00e9 Horbourg-Wihr, Colmar<\/title>\n<meta name=\"robots\" content=\"index, follow, max-snippet:-1, max-image-preview:large, max-video-preview:-1\" \/>\n<link rel=\"canonical\" href=\"https:\/\/www.kchw.fr\/?p=1316\" \/>\n<meta property=\"og:locale\" content=\"fr_FR\" \/>\n<meta property=\"og:type\" content=\"article\" \/>\n<meta property=\"og:title\" content=\"Championnat \/ Open du Haut-Rhin kata du 05\/11\/2023 - Club de karat\u00e9 Horbourg-Wihr, Colmar\" \/>\n<meta property=\"og:description\" content=\"Open et championnat du Haut-Rhin kataUn travail d\u2019\u00e9quipe merci aux professeurs, supporteurs, parents, amis et surtout merci aux comp\u00e9titeurs pour ce bel \u00e9tat d\u2019esprit, pour leur motivation et leur investissement.KCHW en t\u00eate des titres lors de cette comp\u00e9tition avec 9 titres sur les 13 possible !Cat\u00e9gorie pupille f\u00e9minine: BAUMANN Lynna 1\u00e8re BAUMANN Hana\u00e9 2\u00e8me CORRADO &hellip; Championnat \/ Open du Haut-Rhin kata du 05\/11\/2023 Lire la suite\u00a0\u00bb\" \/>\n<meta property=\"og:url\" content=\"https:\/\/www.kchw.fr\/?p=1316\" \/>\n<meta property=\"og:site_name\" content=\"Club de karat\u00e9 Horbourg-Wihr, Colmar\" \/>\n<meta property=\"article:published_time\" content=\"2023-11-08T15:07:40+00:00\" \/>\n<meta property=\"article:modified_time\" content=\"2023-12-28T15:33:32+00:00\" \/>\n<meta property=\"og:image\" content=\"https:\/\/www.kchw.fr\/wp-content\/uploads\/2023\/11\/HR_051123.jpg\" \/>\n\t<meta property=\"og:image:width\" content=\"2048\" \/>\n\t<meta property=\"og:image:height\" content=\"1365\" \/>\n\t<meta property=\"og:image:type\" content=\"image\/jpeg\" \/>\n<meta name=\"author\" content=\"Administrateur\" \/>\n<meta name=\"twitter:card\" content=\"summary_large_image\" \/>\n<meta name=\"twitter:label1\" content=\"\u00c9crit par\" \/>\n\t<meta name=\"twitter:data1\" content=\"Administrateur\" \/>\n\t<meta name=\"twitter:label2\" content=\"Dur\u00e9e de lecture estim\u00e9e\" \/>\n\t<meta name=\"twitter:data2\" content=\"2 minutes\" \/>\n<script type=\"application\/ld+json\" class=\"yoast-schema-graph\">{\"@context\":\"https:\/\/schema.org\",\"@graph\":[{\"@type\":\"Article\",\"@id\":\"https:\/\/www.kchw.fr\/?p=1316#article\",\"isPartOf\":{\"@id\":\"https:\/\/www.kchw.fr\/?p=1316\"},\"author\":{\"name\":\"Administrateur\",\"@id\":\"https:\/\/www.kchw.fr\/#\/schema\/person\/5faceb15121705d2e83929d11be0b2aa\"},\"headline\":\"Championnat \/ Open du Haut-Rhin kata du 05\/11\/2023\",\"datePublished\":\"2023-11-08T15:07:40+00:00\",\"dateModified\":\"2023-12-28T15:33:32+00:00\",\"mainEntityOfPage\":{\"@id\":\"https:\/\/www.kchw.fr\/?p=1316\"},\"wordCount\":203,\"commentCount\":0,\"publisher\":{\"@id\":\"https:\/\/www.kchw.fr\/#organization\"},\"articleSection\":[\"Actualit\u00e9s\"],\"inLanguage\":\"fr-FR\",\"potentialAction\":[{\"@type\":\"CommentAction\",\"name\":\"Comment\",\"target\":[\"https:\/\/www.kchw.fr\/?p=1316#respond\"]}]},{\"@type\":\"WebPage\",\"@id\":\"https:\/\/www.kchw.fr\/?p=1316\",\"url\":\"https:\/\/www.kchw.fr\/?p=1316\",\"name\":\"Championnat \/ Open du Haut-Rhin kata du 05\/11\/2023 - Club de karat\u00e9 Horbourg-Wihr, Colmar\",\"isPartOf\":{\"@id\":\"https:\/\/www.kchw.fr\/#website\"},\"datePublished\":\"2023-11-08T15:07:40+00:00\",\"dateModified\":\"2023-12-28T15:33:32+00:00\",\"breadcrumb\":{\"@id\":\"https:\/\/www.kchw.fr\/?p=1316#breadcrumb\"},\"inLanguage\":\"fr-FR\",\"potentialAction\":[{\"@type\":\"ReadAction\",\"target\":[\"https:\/\/www.kchw.fr\/?p=1316\"]}]},{\"@type\":\"BreadcrumbList\",\"@id\":\"https:\/\/www.kchw.fr\/?p=1316#breadcrumb\",\"itemListElement\":[{\"@type\":\"ListItem\",\"position\":1,\"name\":\"Accueil\",\"item\":\"https:\/\/www.kchw.fr\/\"},{\"@type\":\"ListItem\",\"position\":2,\"name\":\"Championnat \/ Open du Haut-Rhin kata du 05\/11\/2023\"}]},{\"@type\":\"WebSite\",\"@id\":\"https:\/\/www.kchw.fr\/#website\",\"url\":\"https:\/\/www.kchw.fr\/\",\"name\":\"Club de karat\u00e9 Horbourg-Wihr, Colmar\",\"description\":\"Club de karat\u00e9  Horbourg-Wihr, Colmar\",\"publisher\":{\"@id\":\"https:\/\/www.kchw.fr\/#organization\"},\"potentialAction\":[{\"@type\":\"SearchAction\",\"target\":{\"@type\":\"EntryPoint\",\"urlTemplate\":\"https:\/\/www.kchw.fr\/?s={search_term_string}\"},\"query-input\":\"required name=search_term_string\"}],\"inLanguage\":\"fr-FR\"},{\"@type\":\"Organization\",\"@id\":\"https:\/\/www.kchw.fr\/#organization\",\"name\":\"Club de karat\u00e9 Horbourg-Wihr, Colmar\",\"url\":\"https:\/\/www.kchw.fr\/\",\"logo\":{\"@type\":\"ImageObject\",\"inLanguage\":\"fr-FR\",\"@id\":\"https:\/\/www.kchw.fr\/#\/schema\/logo\/image\/\",\"url\":\"https:\/\/www.kchw.fr\/wp-content\/uploads\/2023\/05\/logo.png\",\"contentUrl\":\"https:\/\/www.kchw.fr\/wp-content\/uploads\/2023\/05\/logo.png\",\"width\":156,\"height\":40,\"caption\":\"Club de karat\u00e9  Horbourg-Wihr, Colmar\"},\"image\":{\"@id\":\"https:\/\/www.kchw.fr\/#\/schema\/logo\/image\/\"}},{\"@type\":\"Person\",\"@id\":\"https:\/\/www.kchw.fr\/#\/schema\/person\/5faceb15121705d2e83929d11be0b2aa\",\"name\":\"Administrateur\",\"image\":{\"@type\":\"ImageObject\",\"inLanguage\":\"fr-FR\",\"@id\":\"https:\/\/www.kchw.fr\/#\/schema\/person\/image\/\",\"url\":\"https:\/\/secure.gravatar.com\/avatar\/61753ec7550ec89ac6ba3623bb2bc92ce968f687cdcb62e3906f6309234ca786?s=96&d=mm&r=g\",\"contentUrl\":\"https:\/\/secure.gravatar.com\/avatar\/61753ec7550ec89ac6ba3623bb2bc92ce968f687cdcb62e3906f6309234ca786?s=96&d=mm&r=g\",\"caption\":\"Administrateur\"},\"sameAs\":[\"https:\/\/www.kchw.fr\"],\"url\":\"https:\/\/www.kchw.fr\/?author=1\"}]}<\/script>\n<!-- \/ Yoast SEO plugin. -->","yoast_head_json":{"title":"Championnat \/ Open du Haut-Rhin kata du 05\/11\/2023 - Club de karat\u00e9 Horbourg-Wihr, Colmar","robots":{"index":"index","follow":"follow","max-snippet":"max-snippet:-1","max-image-preview":"max-image-preview:large","max-video-preview":"max-video-preview:-1"},"canonical":"https:\/\/www.kchw.fr\/?p=1316","og_locale":"fr_FR","og_type":"article","og_title":"Championnat \/ Open du Haut-Rhin kata du 05\/11\/2023 - Club de karat\u00e9 Horbourg-Wihr, Colmar","og_description":"Open et championnat du Haut-Rhin kataUn travail d\u2019\u00e9quipe merci aux professeurs, supporteurs, parents, amis et surtout merci aux comp\u00e9titeurs pour ce bel \u00e9tat d\u2019esprit, pour leur motivation et leur investissement.KCHW en t\u00eate des titres lors de cette comp\u00e9tition avec 9 titres sur les 13 possible !Cat\u00e9gorie pupille f\u00e9minine: BAUMANN Lynna 1\u00e8re BAUMANN Hana\u00e9 2\u00e8me CORRADO &hellip; Championnat \/ Open du Haut-Rhin kata du 05\/11\/2023 Lire la suite\u00a0\u00bb","og_url":"https:\/\/www.kchw.fr\/?p=1316","og_site_name":"Club de karat\u00e9 Horbourg-Wihr, Colmar","article_published_time":"2023-11-08T15:07:40+00:00","article_modified_time":"2023-12-28T15:33:32+00:00","og_image":[{"width":2048,"height":1365,"url":"https:\/\/www.kchw.fr\/wp-content\/uploads\/2023\/11\/HR_051123.jpg","type":"image\/jpeg"}],"author":"Administrateur","twitter_card":"summary_large_image","twitter_misc":{"\u00c9crit par":"Administrateur","Dur\u00e9e de lecture estim\u00e9e":"2 minutes"},"schema":{"@context":"https:\/\/schema.org","@graph":[{"@type":"Article","@id":"https:\/\/www.kchw.fr\/?p=1316#article","isPartOf":{"@id":"https:\/\/www.kchw.fr\/?p=1316"},"author":{"name":"Administrateur","@id":"https:\/\/www.kchw.fr\/#\/schema\/person\/5faceb15121705d2e83929d11be0b2aa"},"headline":"Championnat \/ Open du Haut-Rhin kata du 05\/11\/2023","datePublished":"2023-11-08T15:07:40+00:00","dateModified":"2023-12-28T15:33:32+00:00","mainEntityOfPage":{"@id":"https:\/\/www.kchw.fr\/?p=1316"},"wordCount":203,"commentCount":0,"publisher":{"@id":"https:\/\/www.kchw.fr\/#organization"},"articleSection":["Actualit\u00e9s"],"inLanguage":"fr-FR","potentialAction":[{"@type":"CommentAction","name":"Comment","target":["https:\/\/www.kchw.fr\/?p=1316#respond"]}]},{"@type":"WebPage","@id":"https:\/\/www.kchw.fr\/?p=1316","url":"https:\/\/www.kchw.fr\/?p=1316","name":"Championnat \/ Open du Haut-Rhin kata du 05\/11\/2023 - Club de karat\u00e9 Horbourg-Wihr, Colmar","isPartOf":{"@id":"https:\/\/www.kchw.fr\/#website"},"datePublished":"2023-11-08T15:07:40+00:00","dateModified":"2023-12-28T15:33:32+00:00","breadcrumb":{"@id":"https:\/\/www.kchw.fr\/?p=1316#breadcrumb"},"inLanguage":"fr-FR","potentialAction":[{"@type":"ReadAction","target":["https:\/\/www.kchw.fr\/?p=1316"]}]},{"@type":"BreadcrumbList","@id":"https:\/\/www.kchw.fr\/?p=1316#breadcrumb","itemListElement":[{"@type":"ListItem","position":1,"name":"Accueil","item":"https:\/\/www.kchw.fr\/"},{"@type":"ListItem","position":2,"name":"Championnat \/ Open du Haut-Rhin kata du 05\/11\/2023"}]},{"@type":"WebSite","@id":"https:\/\/www.kchw.fr\/#website","url":"https:\/\/www.kchw.fr\/","name":"Club de karat\u00e9 Horbourg-Wihr, Colmar","description":"Club de karat\u00e9  Horbourg-Wihr, Colmar","publisher":{"@id":"https:\/\/www.kchw.fr\/#organization"},"potentialAction":[{"@type":"SearchAction","target":{"@type":"EntryPoint","urlTemplate":"https:\/\/www.kchw.fr\/?s={search_term_string}"},"query-input":"required name=search_term_string"}],"inLanguage":"fr-FR"},{"@type":"Organization","@id":"https:\/\/www.kchw.fr\/#organization","name":"Club de karat\u00e9 Horbourg-Wihr, Colmar","url":"https:\/\/www.kchw.fr\/","logo":{"@type":"ImageObject","inLanguage":"fr-FR","@id":"https:\/\/www.kchw.fr\/#\/schema\/logo\/image\/","url":"https:\/\/www.kchw.fr\/wp-content\/uploads\/2023\/05\/logo.png","contentUrl":"https:\/\/www.kchw.fr\/wp-content\/uploads\/2023\/05\/logo.png","width":156,"height":40,"caption":"Club de karat\u00e9  Horbourg-Wihr, Colmar"},"image":{"@id":"https:\/\/www.kchw.fr\/#\/schema\/logo\/image\/"}},{"@type":"Person","@id":"https:\/\/www.kchw.fr\/#\/schema\/person\/5faceb15121705d2e83929d11be0b2aa","name":"Administrateur","image":{"@type":"ImageObject","inLanguage":"fr-FR","@id":"https:\/\/www.kchw.fr\/#\/schema\/person\/image\/","url":"https:\/\/secure.gravatar.com\/avatar\/61753ec7550ec89ac6ba3623bb2bc92ce968f687cdcb62e3906f6309234ca786?s=96&d=mm&r=g","contentUrl":"https:\/\/secure.gravatar.com\/avatar\/61753ec7550ec89ac6ba3623bb2bc92ce968f687cdcb62e3906f6309234ca786?s=96&d=mm&r=g","caption":"Administrateur"},"sameAs":["https:\/\/www.kchw.fr"],"url":"https:\/\/www.kchw.fr\/?author=1"}]}},"_links":{"self":[{"href":"https:\/\/www.kchw.fr\/index.php?rest_route=\/wp\/v2\/posts\/1316","targetHints":{"allow":["GET"]}}],"collection":[{"href":"https:\/\/www.kchw.fr\/index.php?rest_route=\/wp\/v2\/posts"}],"about":[{"href":"https:\/\/www.kchw.fr\/index.php?rest_route=\/wp\/v2\/types\/post"}],"author":[{"embeddable":true,"href":"https:\/\/www.kchw.fr\/index.php?rest_route=\/wp\/v2\/users\/1"}],"replies":[{"embeddable":true,"href":"https:\/\/www.kchw.fr\/index.php?rest_route=%2Fwp%2Fv2%2Fcomments&post=1316"}],"version-history":[{"count":9,"href":"https:\/\/www.kchw.fr\/index.php?rest_route=\/wp\/v2\/posts\/1316\/revisions"}],"predecessor-version":[{"id":1358,"href":"https:\/\/www.kchw.fr\/index.php?rest_route=\/wp\/v2\/posts\/1316\/revisions\/1358"}],"wp:featuredmedia":[{"embeddable":true,"href":"https:\/\/www.kchw.fr\/index.php?rest_route=\/wp\/v2\/media\/1315"}],"wp:attachment":[{"href":"https:\/\/www.kchw.fr\/index.php?rest_route=%2Fwp%2Fv2%2Fmedia&parent=1316"}],"wp:term":[{"taxonomy":"category","embeddable":true,"href":"https:\/\/www.kchw.fr\/index.php?rest_route=%2Fwp%2Fv2%2Fcategories&post=1316"},{"taxonomy":"post_tag","embeddable":true,"href":"https:\/\/www.kchw.fr\/index.php?rest_route=%2Fwp%2Fv2%2Ftags&post=1316"}],"curies":[{"name":"wp","href":"https:\/\/api.w.org\/{rel}","templated":true}]}}