{"id":1249,"date":"2023-08-08T09:46:59","date_gmt":"2023-08-08T09:46:59","guid":{"rendered":"https:\/\/www.kchw.fr\/?p=1249"},"modified":"2023-08-08T09:58:08","modified_gmt":"2023-08-08T09:58:08","slug":"sejout-sportif","status":"publish","type":"post","link":"https:\/\/www.kchw.fr\/?p=1249","title":{"rendered":"S\u00e9jour Sportif"},"content":{"rendered":"\t\t<div data-elementor-type=\"wp-post\" data-elementor-id=\"1249\" class=\"elementor elementor-1249\">\n\t\t\t\t\t\t\t\t\t<section class=\"elementor-section elementor-top-section elementor-element elementor-element-9408062 elementor-section-boxed elementor-section-height-default elementor-section-height-default\" data-id=\"9408062\" data-element_type=\"section\">\n\t\t\t\t\t\t<div class=\"elementor-container elementor-column-gap-default\">\n\t\t\t\t\t<div class=\"elementor-column elementor-col-100 elementor-top-column elementor-element elementor-element-6fca8f3\" data-id=\"6fca8f3\" data-element_type=\"column\">\n\t\t\t<div class=\"elementor-widget-wrap elementor-element-populated\">\n\t\t\t\t\t\t\t\t<section class=\"elementor-section elementor-inner-section elementor-element elementor-element-9d3f0e9 elementor-section-boxed elementor-section-height-default elementor-section-height-default\" data-id=\"9d3f0e9\" data-element_type=\"section\">\n\t\t\t\t\t\t<div class=\"elementor-container elementor-column-gap-default\">\n\t\t\t\t\t<div class=\"elementor-column elementor-col-50 elementor-inner-column elementor-element elementor-element-f713f3a\" data-id=\"f713f3a\" data-element_type=\"column\">\n\t\t\t<div class=\"elementor-widget-wrap elementor-element-populated\">\n\t\t\t\t\t\t\t\t<div class=\"elementor-element elementor-element-ddeb84a elementor-widget elementor-widget-image\" data-id=\"ddeb84a\" data-element_type=\"widget\" data-widget_type=\"image.default\">\n\t\t\t\t<div class=\"elementor-widget-container\">\n\t\t\t<style>\/*! elementor - v3.13.2 - 11-05-2023 *\/\n.elementor-widget-image{text-align:center}.elementor-widget-image a{display:inline-block}.elementor-widget-image a img[src$=\".svg\"]{width:48px}.elementor-widget-image img{vertical-align:middle;display:inline-block}<\/style>\t\t\t\t\t\t\t\t\t\t\t\t\t<a href=\"https:\/\/www.kchw.fr\/wp-content\/uploads\/2023\/08\/sejour_sportif_2023.pdf\" target=\"_blank\">\n\t\t\t\t\t\t\t<img loading=\"lazy\" decoding=\"async\" width=\"632\" height=\"819\" src=\"https:\/\/www.kchw.fr\/wp-content\/uploads\/2023\/08\/sejour_sportif_2023.png\" class=\"attachment-large size-large wp-image-1252\" alt=\"\" srcset=\"https:\/\/www.kchw.fr\/wp-content\/uploads\/2023\/08\/sejour_sportif_2023.png 632w, https:\/\/www.kchw.fr\/wp-content\/uploads\/2023\/08\/sejour_sportif_2023-232x300.png 232w\" sizes=\"auto, (max-width: 632px) 100vw, 632px\" \/>\t\t\t\t\t\t\t\t<\/a>\n\t\t\t\t\t\t\t\t\t\t\t\t\t\t\t<\/div>\n\t\t\t\t<\/div>\n\t\t\t\t\t<\/div>\n\t\t<\/div>\n\t\t\t\t<div class=\"elementor-column elementor-col-50 elementor-inner-column elementor-element elementor-element-212cf47\" data-id=\"212cf47\" data-element_type=\"column\">\n\t\t\t<div class=\"elementor-widget-wrap elementor-element-populated\">\n\t\t\t\t\t\t\t\t<div class=\"elementor-element elementor-element-41ad30d elementor-widget elementor-widget-text-editor\" data-id=\"41ad30d\" data-element_type=\"widget\" data-widget_type=\"text-editor.default\">\n\t\t\t\t<div class=\"elementor-widget-container\">\n\t\t\t<style>\/*! elementor - v3.13.2 - 11-05-2023 *\/\n.elementor-widget-text-editor.elementor-drop-cap-view-stacked .elementor-drop-cap{background-color:#69727d;color:#fff}.elementor-widget-text-editor.elementor-drop-cap-view-framed .elementor-drop-cap{color:#69727d;border:3px solid;background-color:transparent}.elementor-widget-text-editor:not(.elementor-drop-cap-view-default) .elementor-drop-cap{margin-top:8px}.elementor-widget-text-editor:not(.elementor-drop-cap-view-default) .elementor-drop-cap-letter{width:1em;height:1em}.elementor-widget-text-editor .elementor-drop-cap{float:left;text-align:center;line-height:1;font-size:50px}.elementor-widget-text-editor .elementor-drop-cap-letter{display:inline-block}<\/style>\t\t\t\t<p>Le lien pour l&rsquo;inscription au s\u00e9jour sportif<\/p><p><a href=\"https:\/\/forms.gle\/aPLndBpj3DWY98fL9\" target=\"_blank\" rel=\"noopener\">https:\/\/forms.gle\/aPLndBpj3DWY98fL9<\/a><\/p><p><a href=\"https:\/\/www.kchw.fr\/wp-content\/uploads\/2023\/08\/sejour_sportif_2023.pdf\" target=\"_blank\" rel=\"noopener\">Descriptif du s\u00e9jour<\/a><\/p>\t\t\t\t\t\t<\/div>\n\t\t\t\t<\/div>\n\t\t\t\t\t<\/div>\n\t\t<\/div>\n\t\t\t\t\t\t\t<\/div>\n\t\t<\/section>\n\t\t\t\t\t<\/div>\n\t\t<\/div>\n\t\t\t\t\t\t\t<\/div>\n\t\t<\/section>\n\t\t\t\t\t\t\t<\/div>\n\t\t","protected":false},"excerpt":{"rendered":"<p>Le lien pour l&rsquo;inscription au s\u00e9jour sportif https:\/\/forms.gle\/aPLndBpj3DWY98fL9 Descriptif du s\u00e9jour<\/p>\n","protected":false},"author":1,"featured_media":1252,"comment_status":"open","ping_status":"open","sticky":false,"template":"","format":"standard","meta":{"site-sidebar-layout":"default","site-content-layout":"default","ast-global-header-display":"","ast-main-header-display":"","ast-hfb-above-header-display":"","ast-hfb-below-header-display":"","ast-hfb-mobile-header-display":"","site-post-title":"","ast-breadcrumbs-content":"","ast-featured-img":"","footer-sml-layout":"","theme-transparent-header-meta":"","adv-header-id-meta":"","stick-header-meta":"","header-above-stick-meta":"","header-main-stick-meta":"","header-below-stick-meta":"","footnotes":""},"categories":[1],"tags":[],"class_list":["post-1249","post","type-post","status-publish","format-standard","has-post-thumbnail","hentry","category-uncategorized"],"yoast_head":"<!-- This site is optimized with the Yoast SEO plugin v20.7 - https:\/\/yoast.com\/wordpress\/plugins\/seo\/ -->\n<title>S\u00e9jour Sportif - Club de karat\u00e9 Horbourg-Wihr, Colmar<\/title>\n<meta name=\"robots\" content=\"index, follow, max-snippet:-1, max-image-preview:large, max-video-preview:-1\" \/>\n<link rel=\"canonical\" href=\"https:\/\/www.kchw.fr\/?p=1249\" \/>\n<meta property=\"og:locale\" content=\"fr_FR\" \/>\n<meta property=\"og:type\" content=\"article\" \/>\n<meta property=\"og:title\" content=\"S\u00e9jour Sportif - Club de karat\u00e9 Horbourg-Wihr, Colmar\" \/>\n<meta property=\"og:description\" content=\"Le lien pour l&rsquo;inscription au s\u00e9jour sportif https:\/\/forms.gle\/aPLndBpj3DWY98fL9 Descriptif du s\u00e9jour\" \/>\n<meta property=\"og:url\" content=\"https:\/\/www.kchw.fr\/?p=1249\" \/>\n<meta property=\"og:site_name\" content=\"Club de karat\u00e9 Horbourg-Wihr, Colmar\" \/>\n<meta property=\"article:published_time\" content=\"2023-08-08T09:46:59+00:00\" \/>\n<meta property=\"article:modified_time\" content=\"2023-08-08T09:58:08+00:00\" \/>\n<meta property=\"og:image\" content=\"https:\/\/www.kchw.fr\/wp-content\/uploads\/2023\/08\/sejour_sportif_2023.png\" \/>\n\t<meta property=\"og:image:width\" content=\"632\" \/>\n\t<meta property=\"og:image:height\" content=\"819\" \/>\n\t<meta property=\"og:image:type\" content=\"image\/png\" \/>\n<meta name=\"author\" content=\"Administrateur\" \/>\n<meta name=\"twitter:card\" content=\"summary_large_image\" \/>\n<meta name=\"twitter:label1\" content=\"\u00c9crit par\" \/>\n\t<meta name=\"twitter:data1\" content=\"Administrateur\" \/>\n\t<meta name=\"twitter:label2\" content=\"Dur\u00e9e de lecture estim\u00e9e\" \/>\n\t<meta name=\"twitter:data2\" content=\"1 minute\" \/>\n<script type=\"application\/ld+json\" class=\"yoast-schema-graph\">{\"@context\":\"https:\/\/schema.org\",\"@graph\":[{\"@type\":\"Article\",\"@id\":\"https:\/\/www.kchw.fr\/?p=1249#article\",\"isPartOf\":{\"@id\":\"https:\/\/www.kchw.fr\/?p=1249\"},\"author\":{\"name\":\"Administrateur\",\"@id\":\"https:\/\/www.kchw.fr\/#\/schema\/person\/5faceb15121705d2e83929d11be0b2aa\"},\"headline\":\"S\u00e9jour Sportif\",\"datePublished\":\"2023-08-08T09:46:59+00:00\",\"dateModified\":\"2023-08-08T09:58:08+00:00\",\"mainEntityOfPage\":{\"@id\":\"https:\/\/www.kchw.fr\/?p=1249\"},\"wordCount\":22,\"commentCount\":0,\"publisher\":{\"@id\":\"https:\/\/www.kchw.fr\/#organization\"},\"articleSection\":[\"Actualit\u00e9s\"],\"inLanguage\":\"fr-FR\",\"potentialAction\":[{\"@type\":\"CommentAction\",\"name\":\"Comment\",\"target\":[\"https:\/\/www.kchw.fr\/?p=1249#respond\"]}]},{\"@type\":\"WebPage\",\"@id\":\"https:\/\/www.kchw.fr\/?p=1249\",\"url\":\"https:\/\/www.kchw.fr\/?p=1249\",\"name\":\"S\u00e9jour Sportif - Club de karat\u00e9 Horbourg-Wihr, Colmar\",\"isPartOf\":{\"@id\":\"https:\/\/www.kchw.fr\/#website\"},\"datePublished\":\"2023-08-08T09:46:59+00:00\",\"dateModified\":\"2023-08-08T09:58:08+00:00\",\"breadcrumb\":{\"@id\":\"https:\/\/www.kchw.fr\/?p=1249#breadcrumb\"},\"inLanguage\":\"fr-FR\",\"potentialAction\":[{\"@type\":\"ReadAction\",\"target\":[\"https:\/\/www.kchw.fr\/?p=1249\"]}]},{\"@type\":\"BreadcrumbList\",\"@id\":\"https:\/\/www.kchw.fr\/?p=1249#breadcrumb\",\"itemListElement\":[{\"@type\":\"ListItem\",\"position\":1,\"name\":\"Accueil\",\"item\":\"https:\/\/www.kchw.fr\/\"},{\"@type\":\"ListItem\",\"position\":2,\"name\":\"S\u00e9jour Sportif\"}]},{\"@type\":\"WebSite\",\"@id\":\"https:\/\/www.kchw.fr\/#website\",\"url\":\"https:\/\/www.kchw.fr\/\",\"name\":\"Club de karat\u00e9 Horbourg-Wihr, Colmar\",\"description\":\"Club de karat\u00e9  Horbourg-Wihr, Colmar\",\"publisher\":{\"@id\":\"https:\/\/www.kchw.fr\/#organization\"},\"potentialAction\":[{\"@type\":\"SearchAction\",\"target\":{\"@type\":\"EntryPoint\",\"urlTemplate\":\"https:\/\/www.kchw.fr\/?s={search_term_string}\"},\"query-input\":\"required name=search_term_string\"}],\"inLanguage\":\"fr-FR\"},{\"@type\":\"Organization\",\"@id\":\"https:\/\/www.kchw.fr\/#organization\",\"name\":\"Club de karat\u00e9 Horbourg-Wihr, Colmar\",\"url\":\"https:\/\/www.kchw.fr\/\",\"logo\":{\"@type\":\"ImageObject\",\"inLanguage\":\"fr-FR\",\"@id\":\"https:\/\/www.kchw.fr\/#\/schema\/logo\/image\/\",\"url\":\"https:\/\/www.kchw.fr\/wp-content\/uploads\/2023\/05\/logo.png\",\"contentUrl\":\"https:\/\/www.kchw.fr\/wp-content\/uploads\/2023\/05\/logo.png\",\"width\":156,\"height\":40,\"caption\":\"Club de karat\u00e9  Horbourg-Wihr, Colmar\"},\"image\":{\"@id\":\"https:\/\/www.kchw.fr\/#\/schema\/logo\/image\/\"}},{\"@type\":\"Person\",\"@id\":\"https:\/\/www.kchw.fr\/#\/schema\/person\/5faceb15121705d2e83929d11be0b2aa\",\"name\":\"Administrateur\",\"image\":{\"@type\":\"ImageObject\",\"inLanguage\":\"fr-FR\",\"@id\":\"https:\/\/www.kchw.fr\/#\/schema\/person\/image\/\",\"url\":\"https:\/\/secure.gravatar.com\/avatar\/61753ec7550ec89ac6ba3623bb2bc92ce968f687cdcb62e3906f6309234ca786?s=96&d=mm&r=g\",\"contentUrl\":\"https:\/\/secure.gravatar.com\/avatar\/61753ec7550ec89ac6ba3623bb2bc92ce968f687cdcb62e3906f6309234ca786?s=96&d=mm&r=g\",\"caption\":\"Administrateur\"},\"sameAs\":[\"https:\/\/www.kchw.fr\"],\"url\":\"https:\/\/www.kchw.fr\/?author=1\"}]}<\/script>\n<!-- \/ Yoast SEO plugin. -->","yoast_head_json":{"title":"S\u00e9jour Sportif - Club de karat\u00e9 Horbourg-Wihr, Colmar","robots":{"index":"index","follow":"follow","max-snippet":"max-snippet:-1","max-image-preview":"max-image-preview:large","max-video-preview":"max-video-preview:-1"},"canonical":"https:\/\/www.kchw.fr\/?p=1249","og_locale":"fr_FR","og_type":"article","og_title":"S\u00e9jour Sportif - Club de karat\u00e9 Horbourg-Wihr, Colmar","og_description":"Le lien pour l&rsquo;inscription au s\u00e9jour sportif https:\/\/forms.gle\/aPLndBpj3DWY98fL9 Descriptif du s\u00e9jour","og_url":"https:\/\/www.kchw.fr\/?p=1249","og_site_name":"Club de karat\u00e9 Horbourg-Wihr, Colmar","article_published_time":"2023-08-08T09:46:59+00:00","article_modified_time":"2023-08-08T09:58:08+00:00","og_image":[{"width":632,"height":819,"url":"https:\/\/www.kchw.fr\/wp-content\/uploads\/2023\/08\/sejour_sportif_2023.png","type":"image\/png"}],"author":"Administrateur","twitter_card":"summary_large_image","twitter_misc":{"\u00c9crit par":"Administrateur","Dur\u00e9e de lecture estim\u00e9e":"1 minute"},"schema":{"@context":"https:\/\/schema.org","@graph":[{"@type":"Article","@id":"https:\/\/www.kchw.fr\/?p=1249#article","isPartOf":{"@id":"https:\/\/www.kchw.fr\/?p=1249"},"author":{"name":"Administrateur","@id":"https:\/\/www.kchw.fr\/#\/schema\/person\/5faceb15121705d2e83929d11be0b2aa"},"headline":"S\u00e9jour Sportif","datePublished":"2023-08-08T09:46:59+00:00","dateModified":"2023-08-08T09:58:08+00:00","mainEntityOfPage":{"@id":"https:\/\/www.kchw.fr\/?p=1249"},"wordCount":22,"commentCount":0,"publisher":{"@id":"https:\/\/www.kchw.fr\/#organization"},"articleSection":["Actualit\u00e9s"],"inLanguage":"fr-FR","potentialAction":[{"@type":"CommentAction","name":"Comment","target":["https:\/\/www.kchw.fr\/?p=1249#respond"]}]},{"@type":"WebPage","@id":"https:\/\/www.kchw.fr\/?p=1249","url":"https:\/\/www.kchw.fr\/?p=1249","name":"S\u00e9jour Sportif - Club de karat\u00e9 Horbourg-Wihr, Colmar","isPartOf":{"@id":"https:\/\/www.kchw.fr\/#website"},"datePublished":"2023-08-08T09:46:59+00:00","dateModified":"2023-08-08T09:58:08+00:00","breadcrumb":{"@id":"https:\/\/www.kchw.fr\/?p=1249#breadcrumb"},"inLanguage":"fr-FR","potentialAction":[{"@type":"ReadAction","target":["https:\/\/www.kchw.fr\/?p=1249"]}]},{"@type":"BreadcrumbList","@id":"https:\/\/www.kchw.fr\/?p=1249#breadcrumb","itemListElement":[{"@type":"ListItem","position":1,"name":"Accueil","item":"https:\/\/www.kchw.fr\/"},{"@type":"ListItem","position":2,"name":"S\u00e9jour Sportif"}]},{"@type":"WebSite","@id":"https:\/\/www.kchw.fr\/#website","url":"https:\/\/www.kchw.fr\/","name":"Club de karat\u00e9 Horbourg-Wihr, Colmar","description":"Club de karat\u00e9  Horbourg-Wihr, Colmar","publisher":{"@id":"https:\/\/www.kchw.fr\/#organization"},"potentialAction":[{"@type":"SearchAction","target":{"@type":"EntryPoint","urlTemplate":"https:\/\/www.kchw.fr\/?s={search_term_string}"},"query-input":"required name=search_term_string"}],"inLanguage":"fr-FR"},{"@type":"Organization","@id":"https:\/\/www.kchw.fr\/#organization","name":"Club de karat\u00e9 Horbourg-Wihr, Colmar","url":"https:\/\/www.kchw.fr\/","logo":{"@type":"ImageObject","inLanguage":"fr-FR","@id":"https:\/\/www.kchw.fr\/#\/schema\/logo\/image\/","url":"https:\/\/www.kchw.fr\/wp-content\/uploads\/2023\/05\/logo.png","contentUrl":"https:\/\/www.kchw.fr\/wp-content\/uploads\/2023\/05\/logo.png","width":156,"height":40,"caption":"Club de karat\u00e9  Horbourg-Wihr, Colmar"},"image":{"@id":"https:\/\/www.kchw.fr\/#\/schema\/logo\/image\/"}},{"@type":"Person","@id":"https:\/\/www.kchw.fr\/#\/schema\/person\/5faceb15121705d2e83929d11be0b2aa","name":"Administrateur","image":{"@type":"ImageObject","inLanguage":"fr-FR","@id":"https:\/\/www.kchw.fr\/#\/schema\/person\/image\/","url":"https:\/\/secure.gravatar.com\/avatar\/61753ec7550ec89ac6ba3623bb2bc92ce968f687cdcb62e3906f6309234ca786?s=96&d=mm&r=g","contentUrl":"https:\/\/secure.gravatar.com\/avatar\/61753ec7550ec89ac6ba3623bb2bc92ce968f687cdcb62e3906f6309234ca786?s=96&d=mm&r=g","caption":"Administrateur"},"sameAs":["https:\/\/www.kchw.fr"],"url":"https:\/\/www.kchw.fr\/?author=1"}]}},"_links":{"self":[{"href":"https:\/\/www.kchw.fr\/index.php?rest_route=\/wp\/v2\/posts\/1249","targetHints":{"allow":["GET"]}}],"collection":[{"href":"https:\/\/www.kchw.fr\/index.php?rest_route=\/wp\/v2\/posts"}],"about":[{"href":"https:\/\/www.kchw.fr\/index.php?rest_route=\/wp\/v2\/types\/post"}],"author":[{"embeddable":true,"href":"https:\/\/www.kchw.fr\/index.php?rest_route=\/wp\/v2\/users\/1"}],"replies":[{"embeddable":true,"href":"https:\/\/www.kchw.fr\/index.php?rest_route=%2Fwp%2Fv2%2Fcomments&post=1249"}],"version-history":[{"count":12,"href":"https:\/\/www.kchw.fr\/index.php?rest_route=\/wp\/v2\/posts\/1249\/revisions"}],"predecessor-version":[{"id":1263,"href":"https:\/\/www.kchw.fr\/index.php?rest_route=\/wp\/v2\/posts\/1249\/revisions\/1263"}],"wp:featuredmedia":[{"embeddable":true,"href":"https:\/\/www.kchw.fr\/index.php?rest_route=\/wp\/v2\/media\/1252"}],"wp:attachment":[{"href":"https:\/\/www.kchw.fr\/index.php?rest_route=%2Fwp%2Fv2%2Fmedia&parent=1249"}],"wp:term":[{"taxonomy":"category","embeddable":true,"href":"https:\/\/www.kchw.fr\/index.php?rest_route=%2Fwp%2Fv2%2Fcategories&post=1249"},{"taxonomy":"post_tag","embeddable":true,"href":"https:\/\/www.kchw.fr\/index.php?rest_route=%2Fwp%2Fv2%2Ftags&post=1249"}],"curies":[{"name":"wp","href":"https:\/\/api.w.org\/{rel}","templated":true}]}}