{"id":1183,"date":"2023-06-13T14:22:14","date_gmt":"2023-06-13T14:22:14","guid":{"rendered":"https:\/\/www.kchw.fr\/?p=1183"},"modified":"2023-06-13T14:27:40","modified_gmt":"2023-06-13T14:27:40","slug":"nouvelle-juge-nationale-au-club","status":"publish","type":"post","link":"https:\/\/www.kchw.fr\/?p=1183","title":{"rendered":"Nouvelle juge nationale au club"},"content":{"rendered":"\t\t<div data-elementor-type=\"wp-post\" data-elementor-id=\"1183\" class=\"elementor elementor-1183\">\n\t\t\t\t\t\t\t\t\t<section class=\"elementor-section elementor-top-section elementor-element elementor-element-085e293 elementor-section-boxed elementor-section-height-default elementor-section-height-default\" data-id=\"085e293\" data-element_type=\"section\">\n\t\t\t\t\t\t<div class=\"elementor-container elementor-column-gap-default\">\n\t\t\t\t\t<div class=\"elementor-column elementor-col-100 elementor-top-column elementor-element elementor-element-5af4bce\" data-id=\"5af4bce\" data-element_type=\"column\">\n\t\t\t<div class=\"elementor-widget-wrap elementor-element-populated\">\n\t\t\t\t\t\t\t\t<div class=\"elementor-element elementor-element-b9fb679 elementor-widget elementor-widget-text-editor\" data-id=\"b9fb679\" data-element_type=\"widget\" data-widget_type=\"text-editor.default\">\n\t\t\t\t<div class=\"elementor-widget-container\">\n\t\t\t<style>\/*! elementor - v3.13.2 - 11-05-2023 *\/\n.elementor-widget-text-editor.elementor-drop-cap-view-stacked .elementor-drop-cap{background-color:#69727d;color:#fff}.elementor-widget-text-editor.elementor-drop-cap-view-framed .elementor-drop-cap{color:#69727d;border:3px solid;background-color:transparent}.elementor-widget-text-editor:not(.elementor-drop-cap-view-default) .elementor-drop-cap{margin-top:8px}.elementor-widget-text-editor:not(.elementor-drop-cap-view-default) .elementor-drop-cap-letter{width:1em;height:1em}.elementor-widget-text-editor .elementor-drop-cap{float:left;text-align:center;line-height:1;font-size:50px}.elementor-widget-text-editor .elementor-drop-cap-letter{display:inline-block}<\/style>\t\t\t\t<p>Dans la lign\u00e9e de Fanny (arbitre national), Adela (arbitre national) et Yannick (juge mondial), Juliette obtient brillamment le titre de juge national kumit\u00e9 A en terminant 2\u00e8me de sa promotion.<br>F\u00e9licitations&nbsp; et bravo pour son engagement !<\/p>\t\t\t\t\t\t<\/div>\n\t\t\t\t<\/div>\n\t\t\t\t\t<\/div>\n\t\t<\/div>\n\t\t\t\t\t\t\t<\/div>\n\t\t<\/section>\n\t\t\t\t<section class=\"elementor-section elementor-top-section elementor-element elementor-element-4a75807 elementor-section-boxed elementor-section-height-default elementor-section-height-default\" data-id=\"4a75807\" data-element_type=\"section\">\n\t\t\t\t\t\t<div class=\"elementor-container elementor-column-gap-default\">\n\t\t\t\t\t<div class=\"elementor-column elementor-col-100 elementor-top-column elementor-element elementor-element-5013247\" data-id=\"5013247\" data-element_type=\"column\">\n\t\t\t<div class=\"elementor-widget-wrap elementor-element-populated\">\n\t\t\t\t\t\t\t\t<div class=\"elementor-element elementor-element-0244850 elementor-widget elementor-widget-image\" data-id=\"0244850\" data-element_type=\"widget\" data-widget_type=\"image.default\">\n\t\t\t\t<div class=\"elementor-widget-container\">\n\t\t\t<style>\/*! elementor - v3.13.2 - 11-05-2023 *\/\n.elementor-widget-image{text-align:center}.elementor-widget-image a{display:inline-block}.elementor-widget-image a img[src$=\".svg\"]{width:48px}.elementor-widget-image img{vertical-align:middle;display:inline-block}<\/style>\t\t\t\t\t\t\t\t\t\t\t\t<img loading=\"lazy\" decoding=\"async\" width=\"1024\" height=\"1024\" src=\"https:\/\/www.kchw.fr\/wp-content\/uploads\/2023\/06\/juliette_juge-1024x1024.jpg\" class=\"attachment-large size-large wp-image-1184\" alt=\"\" srcset=\"https:\/\/www.kchw.fr\/wp-content\/uploads\/2023\/06\/juliette_juge-1024x1024.jpg 1024w, https:\/\/www.kchw.fr\/wp-content\/uploads\/2023\/06\/juliette_juge-300x300.jpg 300w, https:\/\/www.kchw.fr\/wp-content\/uploads\/2023\/06\/juliette_juge-150x150.jpg 150w, https:\/\/www.kchw.fr\/wp-content\/uploads\/2023\/06\/juliette_juge-768x768.jpg 768w, https:\/\/www.kchw.fr\/wp-content\/uploads\/2023\/06\/juliette_juge-1536x1536.jpg 1536w, https:\/\/www.kchw.fr\/wp-content\/uploads\/2023\/06\/juliette_juge.jpg 2048w\" sizes=\"auto, (max-width: 1024px) 100vw, 1024px\" \/>\t\t\t\t\t\t\t\t\t\t\t\t\t\t\t<\/div>\n\t\t\t\t<\/div>\n\t\t\t\t\t<\/div>\n\t\t<\/div>\n\t\t\t\t\t\t\t<\/div>\n\t\t<\/section>\n\t\t\t\t\t\t\t<\/div>\n\t\t","protected":false},"excerpt":{"rendered":"<p>Dans la lign\u00e9e de Fanny (arbitre national), Adela (arbitre national) et Yannick (juge mondial), Juliette obtient brillamment le titre de juge national kumit\u00e9 A en terminant 2\u00e8me de sa promotion. F\u00e9licitations&nbsp; et bravo pour son engagement !<\/p>\n","protected":false},"author":1,"featured_media":1184,"comment_status":"closed","ping_status":"closed","sticky":false,"template":"","format":"standard","meta":{"site-sidebar-layout":"default","site-content-layout":"default","ast-global-header-display":"","ast-main-header-display":"","ast-hfb-above-header-display":"","ast-hfb-below-header-display":"","ast-hfb-mobile-header-display":"","site-post-title":"","ast-breadcrumbs-content":"","ast-featured-img":"","footer-sml-layout":"","theme-transparent-header-meta":"","adv-header-id-meta":"","stick-header-meta":"","header-above-stick-meta":"","header-main-stick-meta":"","header-below-stick-meta":"","footnotes":""},"categories":[1],"tags":[],"class_list":["post-1183","post","type-post","status-publish","format-standard","has-post-thumbnail","hentry","category-uncategorized"],"yoast_head":"<!-- This site is optimized with the Yoast SEO plugin v20.7 - https:\/\/yoast.com\/wordpress\/plugins\/seo\/ -->\n<title>Nouvelle juge nationale au club - Club de karat\u00e9 Horbourg-Wihr, Colmar<\/title>\n<meta name=\"robots\" content=\"index, follow, max-snippet:-1, max-image-preview:large, max-video-preview:-1\" \/>\n<link rel=\"canonical\" href=\"https:\/\/www.kchw.fr\/?p=1183\" \/>\n<meta property=\"og:locale\" content=\"fr_FR\" \/>\n<meta property=\"og:type\" content=\"article\" \/>\n<meta property=\"og:title\" content=\"Nouvelle juge nationale au club - Club de karat\u00e9 Horbourg-Wihr, Colmar\" \/>\n<meta property=\"og:description\" content=\"Dans la lign\u00e9e de Fanny (arbitre national), Adela (arbitre national) et Yannick (juge mondial), Juliette obtient brillamment le titre de juge national kumit\u00e9 A en terminant 2\u00e8me de sa promotion. F\u00e9licitations&nbsp; et bravo pour son engagement !\" \/>\n<meta property=\"og:url\" content=\"https:\/\/www.kchw.fr\/?p=1183\" \/>\n<meta property=\"og:site_name\" content=\"Club de karat\u00e9 Horbourg-Wihr, Colmar\" \/>\n<meta property=\"article:published_time\" content=\"2023-06-13T14:22:14+00:00\" \/>\n<meta property=\"article:modified_time\" content=\"2023-06-13T14:27:40+00:00\" \/>\n<meta property=\"og:image\" content=\"https:\/\/www.kchw.fr\/wp-content\/uploads\/2023\/06\/juliette_juge.jpg\" \/>\n\t<meta property=\"og:image:width\" content=\"2048\" \/>\n\t<meta property=\"og:image:height\" content=\"2048\" \/>\n\t<meta property=\"og:image:type\" content=\"image\/jpeg\" \/>\n<meta name=\"author\" content=\"Administrateur\" \/>\n<meta name=\"twitter:card\" content=\"summary_large_image\" \/>\n<meta name=\"twitter:label1\" content=\"\u00c9crit par\" \/>\n\t<meta name=\"twitter:data1\" content=\"Administrateur\" \/>\n\t<meta name=\"twitter:label2\" content=\"Dur\u00e9e de lecture estim\u00e9e\" \/>\n\t<meta name=\"twitter:data2\" content=\"1 minute\" \/>\n<script type=\"application\/ld+json\" class=\"yoast-schema-graph\">{\"@context\":\"https:\/\/schema.org\",\"@graph\":[{\"@type\":\"Article\",\"@id\":\"https:\/\/www.kchw.fr\/?p=1183#article\",\"isPartOf\":{\"@id\":\"https:\/\/www.kchw.fr\/?p=1183\"},\"author\":{\"name\":\"Administrateur\",\"@id\":\"https:\/\/www.kchw.fr\/#\/schema\/person\/5faceb15121705d2e83929d11be0b2aa\"},\"headline\":\"Nouvelle juge nationale au club\",\"datePublished\":\"2023-06-13T14:22:14+00:00\",\"dateModified\":\"2023-06-13T14:27:40+00:00\",\"mainEntityOfPage\":{\"@id\":\"https:\/\/www.kchw.fr\/?p=1183\"},\"wordCount\":44,\"publisher\":{\"@id\":\"https:\/\/www.kchw.fr\/#organization\"},\"articleSection\":[\"Actualit\u00e9s\"],\"inLanguage\":\"fr-FR\"},{\"@type\":\"WebPage\",\"@id\":\"https:\/\/www.kchw.fr\/?p=1183\",\"url\":\"https:\/\/www.kchw.fr\/?p=1183\",\"name\":\"Nouvelle juge nationale au club - Club de karat\u00e9 Horbourg-Wihr, Colmar\",\"isPartOf\":{\"@id\":\"https:\/\/www.kchw.fr\/#website\"},\"datePublished\":\"2023-06-13T14:22:14+00:00\",\"dateModified\":\"2023-06-13T14:27:40+00:00\",\"breadcrumb\":{\"@id\":\"https:\/\/www.kchw.fr\/?p=1183#breadcrumb\"},\"inLanguage\":\"fr-FR\",\"potentialAction\":[{\"@type\":\"ReadAction\",\"target\":[\"https:\/\/www.kchw.fr\/?p=1183\"]}]},{\"@type\":\"BreadcrumbList\",\"@id\":\"https:\/\/www.kchw.fr\/?p=1183#breadcrumb\",\"itemListElement\":[{\"@type\":\"ListItem\",\"position\":1,\"name\":\"Accueil\",\"item\":\"https:\/\/www.kchw.fr\/\"},{\"@type\":\"ListItem\",\"position\":2,\"name\":\"Nouvelle juge nationale au club\"}]},{\"@type\":\"WebSite\",\"@id\":\"https:\/\/www.kchw.fr\/#website\",\"url\":\"https:\/\/www.kchw.fr\/\",\"name\":\"Club de karat\u00e9 Horbourg-Wihr, Colmar\",\"description\":\"Club de karat\u00e9  Horbourg-Wihr, Colmar\",\"publisher\":{\"@id\":\"https:\/\/www.kchw.fr\/#organization\"},\"potentialAction\":[{\"@type\":\"SearchAction\",\"target\":{\"@type\":\"EntryPoint\",\"urlTemplate\":\"https:\/\/www.kchw.fr\/?s={search_term_string}\"},\"query-input\":\"required name=search_term_string\"}],\"inLanguage\":\"fr-FR\"},{\"@type\":\"Organization\",\"@id\":\"https:\/\/www.kchw.fr\/#organization\",\"name\":\"Club de karat\u00e9 Horbourg-Wihr, Colmar\",\"url\":\"https:\/\/www.kchw.fr\/\",\"logo\":{\"@type\":\"ImageObject\",\"inLanguage\":\"fr-FR\",\"@id\":\"https:\/\/www.kchw.fr\/#\/schema\/logo\/image\/\",\"url\":\"https:\/\/www.kchw.fr\/wp-content\/uploads\/2023\/05\/logo.png\",\"contentUrl\":\"https:\/\/www.kchw.fr\/wp-content\/uploads\/2023\/05\/logo.png\",\"width\":156,\"height\":40,\"caption\":\"Club de karat\u00e9  Horbourg-Wihr, Colmar\"},\"image\":{\"@id\":\"https:\/\/www.kchw.fr\/#\/schema\/logo\/image\/\"}},{\"@type\":\"Person\",\"@id\":\"https:\/\/www.kchw.fr\/#\/schema\/person\/5faceb15121705d2e83929d11be0b2aa\",\"name\":\"Administrateur\",\"image\":{\"@type\":\"ImageObject\",\"inLanguage\":\"fr-FR\",\"@id\":\"https:\/\/www.kchw.fr\/#\/schema\/person\/image\/\",\"url\":\"https:\/\/secure.gravatar.com\/avatar\/61753ec7550ec89ac6ba3623bb2bc92ce968f687cdcb62e3906f6309234ca786?s=96&d=mm&r=g\",\"contentUrl\":\"https:\/\/secure.gravatar.com\/avatar\/61753ec7550ec89ac6ba3623bb2bc92ce968f687cdcb62e3906f6309234ca786?s=96&d=mm&r=g\",\"caption\":\"Administrateur\"},\"sameAs\":[\"https:\/\/www.kchw.fr\"],\"url\":\"https:\/\/www.kchw.fr\/?author=1\"}]}<\/script>\n<!-- \/ Yoast SEO plugin. -->","yoast_head_json":{"title":"Nouvelle juge nationale au club - Club de karat\u00e9 Horbourg-Wihr, Colmar","robots":{"index":"index","follow":"follow","max-snippet":"max-snippet:-1","max-image-preview":"max-image-preview:large","max-video-preview":"max-video-preview:-1"},"canonical":"https:\/\/www.kchw.fr\/?p=1183","og_locale":"fr_FR","og_type":"article","og_title":"Nouvelle juge nationale au club - Club de karat\u00e9 Horbourg-Wihr, Colmar","og_description":"Dans la lign\u00e9e de Fanny (arbitre national), Adela (arbitre national) et Yannick (juge mondial), Juliette obtient brillamment le titre de juge national kumit\u00e9 A en terminant 2\u00e8me de sa promotion. F\u00e9licitations&nbsp; et bravo pour son engagement !","og_url":"https:\/\/www.kchw.fr\/?p=1183","og_site_name":"Club de karat\u00e9 Horbourg-Wihr, Colmar","article_published_time":"2023-06-13T14:22:14+00:00","article_modified_time":"2023-06-13T14:27:40+00:00","og_image":[{"width":2048,"height":2048,"url":"https:\/\/www.kchw.fr\/wp-content\/uploads\/2023\/06\/juliette_juge.jpg","type":"image\/jpeg"}],"author":"Administrateur","twitter_card":"summary_large_image","twitter_misc":{"\u00c9crit par":"Administrateur","Dur\u00e9e de lecture estim\u00e9e":"1 minute"},"schema":{"@context":"https:\/\/schema.org","@graph":[{"@type":"Article","@id":"https:\/\/www.kchw.fr\/?p=1183#article","isPartOf":{"@id":"https:\/\/www.kchw.fr\/?p=1183"},"author":{"name":"Administrateur","@id":"https:\/\/www.kchw.fr\/#\/schema\/person\/5faceb15121705d2e83929d11be0b2aa"},"headline":"Nouvelle juge nationale au club","datePublished":"2023-06-13T14:22:14+00:00","dateModified":"2023-06-13T14:27:40+00:00","mainEntityOfPage":{"@id":"https:\/\/www.kchw.fr\/?p=1183"},"wordCount":44,"publisher":{"@id":"https:\/\/www.kchw.fr\/#organization"},"articleSection":["Actualit\u00e9s"],"inLanguage":"fr-FR"},{"@type":"WebPage","@id":"https:\/\/www.kchw.fr\/?p=1183","url":"https:\/\/www.kchw.fr\/?p=1183","name":"Nouvelle juge nationale au club - Club de karat\u00e9 Horbourg-Wihr, Colmar","isPartOf":{"@id":"https:\/\/www.kchw.fr\/#website"},"datePublished":"2023-06-13T14:22:14+00:00","dateModified":"2023-06-13T14:27:40+00:00","breadcrumb":{"@id":"https:\/\/www.kchw.fr\/?p=1183#breadcrumb"},"inLanguage":"fr-FR","potentialAction":[{"@type":"ReadAction","target":["https:\/\/www.kchw.fr\/?p=1183"]}]},{"@type":"BreadcrumbList","@id":"https:\/\/www.kchw.fr\/?p=1183#breadcrumb","itemListElement":[{"@type":"ListItem","position":1,"name":"Accueil","item":"https:\/\/www.kchw.fr\/"},{"@type":"ListItem","position":2,"name":"Nouvelle juge nationale au club"}]},{"@type":"WebSite","@id":"https:\/\/www.kchw.fr\/#website","url":"https:\/\/www.kchw.fr\/","name":"Club de karat\u00e9 Horbourg-Wihr, Colmar","description":"Club de karat\u00e9  Horbourg-Wihr, Colmar","publisher":{"@id":"https:\/\/www.kchw.fr\/#organization"},"potentialAction":[{"@type":"SearchAction","target":{"@type":"EntryPoint","urlTemplate":"https:\/\/www.kchw.fr\/?s={search_term_string}"},"query-input":"required name=search_term_string"}],"inLanguage":"fr-FR"},{"@type":"Organization","@id":"https:\/\/www.kchw.fr\/#organization","name":"Club de karat\u00e9 Horbourg-Wihr, Colmar","url":"https:\/\/www.kchw.fr\/","logo":{"@type":"ImageObject","inLanguage":"fr-FR","@id":"https:\/\/www.kchw.fr\/#\/schema\/logo\/image\/","url":"https:\/\/www.kchw.fr\/wp-content\/uploads\/2023\/05\/logo.png","contentUrl":"https:\/\/www.kchw.fr\/wp-content\/uploads\/2023\/05\/logo.png","width":156,"height":40,"caption":"Club de karat\u00e9  Horbourg-Wihr, Colmar"},"image":{"@id":"https:\/\/www.kchw.fr\/#\/schema\/logo\/image\/"}},{"@type":"Person","@id":"https:\/\/www.kchw.fr\/#\/schema\/person\/5faceb15121705d2e83929d11be0b2aa","name":"Administrateur","image":{"@type":"ImageObject","inLanguage":"fr-FR","@id":"https:\/\/www.kchw.fr\/#\/schema\/person\/image\/","url":"https:\/\/secure.gravatar.com\/avatar\/61753ec7550ec89ac6ba3623bb2bc92ce968f687cdcb62e3906f6309234ca786?s=96&d=mm&r=g","contentUrl":"https:\/\/secure.gravatar.com\/avatar\/61753ec7550ec89ac6ba3623bb2bc92ce968f687cdcb62e3906f6309234ca786?s=96&d=mm&r=g","caption":"Administrateur"},"sameAs":["https:\/\/www.kchw.fr"],"url":"https:\/\/www.kchw.fr\/?author=1"}]}},"_links":{"self":[{"href":"https:\/\/www.kchw.fr\/index.php?rest_route=\/wp\/v2\/posts\/1183","targetHints":{"allow":["GET"]}}],"collection":[{"href":"https:\/\/www.kchw.fr\/index.php?rest_route=\/wp\/v2\/posts"}],"about":[{"href":"https:\/\/www.kchw.fr\/index.php?rest_route=\/wp\/v2\/types\/post"}],"author":[{"embeddable":true,"href":"https:\/\/www.kchw.fr\/index.php?rest_route=\/wp\/v2\/users\/1"}],"replies":[{"embeddable":true,"href":"https:\/\/www.kchw.fr\/index.php?rest_route=%2Fwp%2Fv2%2Fcomments&post=1183"}],"version-history":[{"count":4,"href":"https:\/\/www.kchw.fr\/index.php?rest_route=\/wp\/v2\/posts\/1183\/revisions"}],"predecessor-version":[{"id":1188,"href":"https:\/\/www.kchw.fr\/index.php?rest_route=\/wp\/v2\/posts\/1183\/revisions\/1188"}],"wp:featuredmedia":[{"embeddable":true,"href":"https:\/\/www.kchw.fr\/index.php?rest_route=\/wp\/v2\/media\/1184"}],"wp:attachment":[{"href":"https:\/\/www.kchw.fr\/index.php?rest_route=%2Fwp%2Fv2%2Fmedia&parent=1183"}],"wp:term":[{"taxonomy":"category","embeddable":true,"href":"https:\/\/www.kchw.fr\/index.php?rest_route=%2Fwp%2Fv2%2Fcategories&post=1183"},{"taxonomy":"post_tag","embeddable":true,"href":"https:\/\/www.kchw.fr\/index.php?rest_route=%2Fwp%2Fv2%2Ftags&post=1183"}],"curies":[{"name":"wp","href":"https:\/\/api.w.org\/{rel}","templated":true}]}}